{"id":1251,"date":"2019-04-02T08:21:02","date_gmt":"2019-04-02T13:21:02","guid":{"rendered":"https:\/\/iphc.org\/evangelism\/?p=1251"},"modified":"2019-04-02T09:47:45","modified_gmt":"2019-04-02T14:47:45","slug":"national-day-of-prayer-2019","status":"publish","type":"post","link":"https:\/\/iphc.org\/evangelism\/2019\/04\/02\/national-day-of-prayer-2019\/","title":{"rendered":"National Day of Prayer 2019"},"content":{"rendered":"<p>Bishop Garry Bryant and Evangelism USA are joining with WIN Prayer Ministry to call the IPHC to participate in the National Day of Prayer on Thursday, May 2, 2019. &#8220;The United States of America is in great need of God\u2019s help. Prayer is heaven\u2019s answer to our desperate condition,&#8221; says Bishop Bryant.<\/p>\n<p>This year&#8217;s theme is based on John 13:34, <em>\u201cA new command\u00a0I give you: Love one another.\u00a0As I have loved you, so you must love one another.\u201d\u00a0<\/em>For promotional resources, tools, and information, please visit\u00a0<a href=\"http:\/\/www.nationaldayofprayer.com\/\">National Day of Prayer.<\/a><\/p>\n<p>Please join us as we call upon God to heal our nation!<\/p>\n","protected":false},"excerpt":{"rendered":"<p>Bishop Garry Bryant and Evangelism USA are joining with WIN Prayer Ministry to call the IPHC to participate in the National Day of Prayer on Thursday, May 2, 2019. &#8220;The&#8230;<\/p>\n","protected":false},"author":10,"featured_media":1253,"comment_status":"open","ping_status":"open","sticky":false,"template":"","format":"standard","meta":{"_genesis_hide_title":false,"_genesis_hide_breadcrumbs":false,"_genesis_hide_singular_image":false,"_genesis_hide_footer_widgets":false,"_genesis_custom_body_class":"","_genesis_custom_post_class":"","_genesis_layout":"","_jetpack_memberships_contains_paid_content":false,"footnotes":""},"categories":[1],"tags":[325,353,363],"class_list":{"0":"post-1251","1":"post","2":"type-post","3":"status-publish","4":"format-standard","5":"has-post-thumbnail","7":"category-uncategorized","8":"tag-325","9":"tag-bishop-garry-bryant","10":"tag-national-day-of-prayer","11":"entry"},"title_es":"D\u00eda Nacional de la Oraci\u00f3n 2019","content_es":"D\u00eda Nacional de Oraci\u00f3n Jueves, 2 de mayo de 2019 Tema: <strong>Amarse los unos a los<\/strong> otros <strong>Juan 13:34<\/strong> : <em>\u201cUn nuevo mandato que les doy: amarse los unos a los otros. Como los he amado, tambi\u00e9n deben amarse los unos a los otros \u201d.<\/em> Estamos llamando a la IPHC para que se una a las filas de millones en toda la Naci\u00f3n para observar este d\u00eda tan significativo. Los Estados Unidos de Am\u00e9rica tienen una gran necesidad de la ayuda de Dios. La oraci\u00f3n es la respuesta del cielo a nuestra condici\u00f3n desesperada. ORACI\u00d3N PARA AM\u00c9RICA Tenga en cuenta las siguientes sugerencias, posibilidades y herramientas de promoci\u00f3n. Puede visitar nationaldayofprayer.com. \u00a1Por favor, planifique \/ re\u00fana \/ participe mientras invocamos a Dios para sanar nuestra Naci\u00f3n!","author_name":"","jetpack_featured_media_url":"https:\/\/iphc.org\/evangelism\/wp-content\/uploads\/sites\/3\/2019\/04\/love-one-another-ndp-2019-social-media-e1554211844262.jpg","jetpack_shortlink":"https:\/\/wp.me\/pbhxDC-kb","jetpack_sharing_enabled":true,"_links":{"self":[{"href":"https:\/\/iphc.org\/evangelism\/wp-json\/wp\/v2\/posts\/1251","targetHints":{"allow":["GET"]}}],"collection":[{"href":"https:\/\/iphc.org\/evangelism\/wp-json\/wp\/v2\/posts"}],"about":[{"href":"https:\/\/iphc.org\/evangelism\/wp-json\/wp\/v2\/types\/post"}],"author":[{"embeddable":true,"href":"https:\/\/iphc.org\/evangelism\/wp-json\/wp\/v2\/users\/10"}],"replies":[{"embeddable":true,"href":"https:\/\/iphc.org\/evangelism\/wp-json\/wp\/v2\/comments?post=1251"}],"version-history":[{"count":0,"href":"https:\/\/iphc.org\/evangelism\/wp-json\/wp\/v2\/posts\/1251\/revisions"}],"wp:featuredmedia":[{"embeddable":true,"href":"https:\/\/iphc.org\/evangelism\/wp-json\/wp\/v2\/media\/1253"}],"wp:attachment":[{"href":"https:\/\/iphc.org\/evangelism\/wp-json\/wp\/v2\/media?parent=1251"}],"wp:term":[{"taxonomy":"category","embeddable":true,"href":"https:\/\/iphc.org\/evangelism\/wp-json\/wp\/v2\/categories?post=1251"},{"taxonomy":"post_tag","embeddable":true,"href":"https:\/\/iphc.org\/evangelism\/wp-json\/wp\/v2\/tags?post=1251"}],"curies":[{"name":"wp","href":"https:\/\/api.w.org\/{rel}","templated":true}]}}