{"id":990,"date":"2018-05-08T21:19:00","date_gmt":"2018-05-08T21:19:00","guid":{"rendered":"https:\/\/iphc.org\/evangelism\/?p=990"},"modified":"2018-05-08T21:19:00","modified_gmt":"2018-05-08T21:19:00","slug":"bishop-doug-beacham-encourage-columna-para-el-mes-de-mayo-2018","status":"publish","type":"post","link":"https:\/\/iphc.org\/evangelism\/2018\/05\/08\/bishop-doug-beacham-encourage-columna-para-el-mes-de-mayo-2018\/","title":{"rendered":"Bishop Doug Beacham Encourage Columna para el mes de mayo 2018"},"content":{"rendered":"<p>\u201cUn ni\u00f1o los guiar\u00e1 . . .con un poco de ayuda\u201d<\/p>\n<p>Cerca del fin de semana de pascua Susan y yo recibimos un breve video de parte de nuestra nieta m\u00e1s joven, Lib de tres a\u00f1os, repitiendo las palabras de la historia de la traici\u00f3n, muerte y resurrecci\u00f3n de Jes\u00fas. Mirando las im\u00e1genes en el libro de cuentos infantiles que su madre le hab\u00eda estado leyendo, Lib relataba la historia con sus propias palabras.<\/p>\n<p>De Judas recibiendo dinero para traicionar a Jes\u00fas, \u201c\u00bfMe pagar\u00edas para capturar a Jes\u00fas?\u201d<\/p>\n<p>La siguiente p\u00e1gina es acerca de Jes\u00fas en la cruz, \u201c\u00e9l muri\u00f3 en la cruz, y agoniz\u00f3, y algunos de sus amigos cubrieron su cuerpo en la tumba\u201d.<\/p>\n<p>En la resurrecci\u00f3n, \u201cy el \u00e1ngel del Se\u00f1or descendi\u00f3 del cielo y algunos amigos junto con Maria fueron hacia la tumba, vieron y escucharon al \u00e1ngel decir, no teman; Dios est\u00e1 vivo. \u00a1\u00c9l ha resucitado! Por lo tanto, \u00a1\u00e9l vive!\u201d.<\/p>\n<p>Existen bastantes razones por las cuales comparto esta historia; sin ser la menos importante el hecho de ser unos abuelos orgullosos. Si desea ver el video, lo encontrar\u00e1 en el Facebook del Superintendente General de la IPHC.<\/p>\n<p>Pero, adem\u00e1s, estamos agradecidos porque nuestro hijo y su esposa est\u00e1n tomando el tiempo necesario para ense\u00f1arles a sus hijos las historias de la Biblia. Estoy muy consiente en cuanto al porcentaje de personas en nuestras bancas que realmente conocen la Biblia se hace cada vez m\u00e1s peque\u00f1o, lo que produce gran tristeza en muchos niveles.<\/p>\n<p>Estoy escribiendo esta columna mientras asisto al tercer encuentro del foro cristiano mundial; el difunto obispo James Leggett me coment\u00f3 que su participaci\u00f3n en los eventos de los foros cristianos globales anteriores fueron los m\u00e1s alentadores e inspiradores a los cuales asisti\u00f3 fuera de la denominaci\u00f3n. Una de las funciones principales de dicho evento es reunir a cristianos de alrededor del globo desde el espectro del cristianismo el cual afirma al Dios trino y reconoce a Jesucristo como Se\u00f1or y Salvador.<\/p>\n<p>Ahora entiendo el por qu\u00e9 el obispo Leggett encontr\u00f3 este evento tan inspirador. Los m\u00e1s de doscientos delegados son divididos en grupos peque\u00f1os, en donde el tiempo es asignado para que compartan su \u201ctestimonio\u201d. \u00a1Es maravilloso escuchar el testimonio personal de otros y su caminar con Jes\u00fas!<\/p>\n<p>El grupo en el que estuve ten\u00eda personas de Albania, Alemania, Suiza, Tasmania, Polonia, Brasil, Finlandia y los EE.UU.; casi todos comenzaron su testimonio refiri\u00e9ndose al haber crecido en un hogar cristiano. Un hombre habl\u00f3 de la influencia de su piadosa abuelita; otros compartieron el haber escuchado la Palabra de Dios y oraciones de parte de padre y madre; otro mencion\u00f3 que su abuelo siempre le\u00eda en voz alta un cap\u00edtulo de la Biblia en la mesa despu\u00e9s de una de las comidas. \u00a1La familia no era despedida hasta que el Pan de Vida fuese le\u00eddo en voz alta!<\/p>\n<p>Mientras escuchaba, comenc\u00e9 mi testimonio haciendo referencia a mis propios padres cristianos, encontr\u00e9 mi coraz\u00f3n dirigido hacia uno de los valores fundamentales de la IPHC \u201ctodas las generaciones\u201d. \u00bfQu\u00e9 tanto valoramos, como seguidores de Jes\u00fas, aquellos que se nos acercan, los ni\u00f1os quienes son el futuro? \u00bfLes damos nuestro tiempo y atenci\u00f3n sean o no nuestros hijos biol\u00f3gicos?<\/p>\n<p>En relaci\u00f3n con este tema de compartir la fe de generaci\u00f3n a generaci\u00f3n, he estado pensando sobre uno de nuestros valores fundamentales \u201cla generosidad\u201d. Muchas veces pensamos en dinero y bueno esos es parte del tema; pero me encuentro a m\u00ed mismo pensando en generosidad de manera mucho m\u00e1s b\u00e1sica, expresiones relacionales tales como siendo generoso con mi tiempo y atenci\u00f3n. Entre los recursos m\u00e1s valiosos de nuestras vidas se encuentra el \u201ctiempo\u201d. \u00bfDe qu\u00e9 manera paso mi tiempo? \u00bfCon qui\u00e9n paso mi tiempo? \u00bfQu\u00e9 es m\u00e1s valioso: el tiempo con alguien que conduzca hacia la fe o simplemente el hacer lo que me agrada?<\/p>\n<p>Pero para ser efectivo, el tiempo compartido con alguien requiere de atenci\u00f3n, estar presente al escuchar, cuidar, compartir una carga o el sentimiento del efecto total de una carcajada. Atenci\u00f3n quiere decir que estoy presente donde mis pies est\u00e1n; significa que en una conversaci\u00f3n no estoy mirando sobre el hombro de alguien con el fin de saber qui\u00e9n m\u00e1s est\u00e1 en el sal\u00f3n\u2026 representa el \u201cdarme\u201d a esa persona como expresi\u00f3n de gracia y amor.<\/p>\n<p>El tiempo y la atenci\u00f3n son tan valiosos que Satan\u00e1s utiliza todas las herramientas posibles para distraerles; utiliza nuestras propias necesidades para ser escuchados en vez de escuchar; utiliza los dispositivos tecnol\u00f3gicos que llevamos en nuestras manos y bolsillos. Tenemos que luchar contra el trastorno del desorden de atenci\u00f3n espiritual con tal de estar presentes con Dios y los dem\u00e1s.<\/p>\n<p>Pero por las almas de las personas, la batalla vale la pena. Entonces, saque tiempo y proporci\u00f3nele la atenci\u00f3n necesaria a aquellos a su alrededor; comparta su fe con Jes\u00fas; relate las historias de la Biblia; sea generoso con los dem\u00e1s.<\/p>\n<p>&nbsp;<\/p>\n<p>&nbsp;<\/p>\n<p><strong>Por Doug Beacham<\/strong><\/p>\n<p><em>Este art\u00edculo fue publicado en Mayo de 2018 en la revista\u00a0<\/em><a href=\"https:\/\/iphc.org\/wp-content\/uploads\/2018\/05\/May-2018-Encourage-Cover.png\"  rel=\"noopener\"><em>Encourage<\/em><\/a><em>.<\/em><\/p>\n","protected":false},"excerpt":{"rendered":"<p>\u201cUn ni\u00f1o los guiar\u00e1 . . .con un poco de ayuda\u201d Cerca del fin de semana de pascua Susan y yo recibimos un breve video de parte de nuestra nieta&#8230;<\/p>\n","protected":false},"author":2,"featured_media":1002,"comment_status":"open","ping_status":"open","sticky":false,"template":"","format":"standard","meta":{"_genesis_hide_title":false,"_genesis_hide_breadcrumbs":false,"_genesis_hide_singular_image":false,"_genesis_hide_footer_widgets":false,"_genesis_custom_body_class":"","_genesis_custom_post_class":"","_genesis_layout":"","_jetpack_memberships_contains_paid_content":false,"footnotes":""},"categories":[72,3],"tags":[232,108,89,68,109,73,115,167,59],"class_list":{"0":"post-990","1":"post","2":"type-post","3":"status-publish","4":"format-standard","5":"has-post-thumbnail","7":"category-encourage-spanish-articles","8":"category-hispanic-ministries","9":"tag-232","10":"tag-bishop","11":"tag-doug-beacham","12":"tag-encourage","13":"tag-iphc-general-superintendent","14":"tag-magazine","15":"tag-may","16":"tag-mayo","17":"tag-spanish","18":"entry"},"title_es":"El Dr. Doug Beacham Columna Encourage Abril, 2018","content_es":"<strong>El motor de la b\u00fasqueda divina<\/strong>\r\n\r\nRecientemente estuve en Dearborn, Michigan, un suburbio de Detroit, en una reuni\u00f3n. Durante mi estad\u00eda, visit\u00e9 el museo Henry Ford y descubr\u00ed una incre\u00edble exhibici\u00f3n de artefactos hist\u00f3ricos. Uno de esos, en una foto, era la silla en la que el presidente Abraham Lincoln estaba la noche del 14 de abril, 1865 cuando fue asesinado por John Wilkes Booth. \u00c9l fue el primer presidente de los Estados Unidos en ser asesinado.\r\n\r\nLa Guerra Civil que domin\u00f3 el mandato de Lincoln, y su muerte, d\u00edas despu\u00e9s de la rendici\u00f3n del ej\u00e9rcito de Robert E. Lee en Appomattox, Virginia, marcaron fuertemente a una cantidad de generaciones de distintas maneras por m\u00e1s de cien a\u00f1os. Se podr\u00eda argumentar que, de alguna manera nuestra naci\u00f3n contin\u00faa marcada por ambos eventos y los varios niveles de su significado.\r\n\r\nUno de esos niveles de continuo significado desde ese periodo de la historia estadounidense fue recordado a comienzos de este mes. Hace cincuenta a\u00f1os que el Reverendo Dr. Martin Luther King, Jr. fue asesinado en un hotel de Memphis en la tarde del 4 de abril, 1968. Como muchas personas de mi edad en los Estados Unidos, recordamos en d\u00f3nde est\u00e1bamos al escuchar la noticia del asesinato de King, muy parecido a nuestros recuerdos del presidente John F. Kennedy en 1963.\r\n\r\nCada generaci\u00f3n tiene eventos definitorios; mis padres recordaban d\u00f3nde estaban cuando eran adultos j\u00f3venes al enterarse del bombardeo de Pearl Harbor el domingo 7 de diciembre, 1941.\r\n\r\nHoy, hay una generaci\u00f3n entera cuyas memorias definidas son las del 11 de septiembre, 2001, y los ataques producidos por grupos terroristas isl\u00e1micos contra el World Trade Center en Nueva York, el Pent\u00e1gono en Washington, y el choque del vuelo 93 de la aerol\u00ednea United cerca a Shanksville, Pennsylvania.\r\n\r\nEs una caracter\u00edstica humana el recordar eventos significativos tales como cumplea\u00f1os, aniversarios de bodas, la muerte de un ser querido, y los acontecimientos principales del propio tiempo.\r\n\r\nEn la Biblia se pone bastante \u00e9nfasis en \u201crecuerdos, memoria, memorial\u201d. Pienso en G\u00e9nesis 9:15 y Dios diciendo que \u201crecordar\u00eda su pacto\u201d con el signo del arco-iris. Tambi\u00e9n, \u00c9xodo 12:14 en referencia a la Pascua, \u201clo celebrar\u00e1n como estatuto perpetuo\u201d. Malaqu\u00edas 3:16 se refiere al \u201clibro de los recuerdos\u201d para los que le temen al Se\u00f1or. En su \u00faltima cena, Jes\u00fas les instruye a sus seguidores comer y beber de su cuerpo y sangre \u201cen memoria de m\u00ed\u201d (Lucas 22:19).\r\n\r\nJes\u00fas, En Juan 14:26, describe una de las funciones del Esp\u00edritu Santo como el ayudador de la memoria, \u201cPero el Consolador, el Esp\u00edritu Santo que el Padre enviar\u00e1 en mi nombre, \u00e9l les ense\u00f1ar\u00e1 todas las cosas y les har\u00e1 recordar todo lo que yo les he dicho\u201d. Entre sus prop\u00f3sitos, el Esp\u00edritu Santo sirve como maestro. Un maestro proporciona conocimiento, instrucci\u00f3n, contenido y conduce hacia el entendimiento y la aplicaci\u00f3n de lo que ha sido ense\u00f1ado; da las herramientas necesarias para continuar el aprendizaje de por vida. El Esp\u00edritu Santo tambi\u00e9n sirve para remover el recuerdo de lo que ha sido previamente guardado. En el lenguaje moderno, el Esp\u00edritu Santo es el gran \u2018motor de b\u00fasqueda\u2019. \u00a1Google y Siri ni siquiera se acercan al poder de la ense\u00f1anza\/memoria de la tercera persona de la Deidad!\r\n\r\nEsto significa que la funci\u00f3n de la memoria no es solamente sobre el pasado; por el contario, este es tra\u00eddo al presente para moldear el futuro ya conocido por Dios. El Esp\u00edritu Santo hace esta obra personal y corporativamente entre nosotros gracias al testimonio de la Biblia, mediante la gran nube de testigos por medio de las edades cuyas historias nos inspiran, a trav\u00e9s del compartimiento de la fe que se da entre los creyentes en las varias formas de la vida congregacional, con la ayuda de la manifestaci\u00f3n de los dones espirituales.\r\n\r\nEl tema de la memoria es importante mientras se entra en reflexi\u00f3n sobre la \u201ctransmisi\u00f3n\u201d de la fe de una generaci\u00f3n a otra. Es como tomar una pelota de f\u00fatbol americano y \u201cpas\u00e1rsela\u201d a la siguiente persona. 1 Corintios 15:3 describe \u201cense\u00f1ar\u201d, o \u201cpasar\u201d algo a alguien m\u00e1s. Judas 1:3 utiliza la misma expresi\u00f3n, \u201cpara exhortarles a que contiendan eficazmente por la fe que fue entregada una vez a los santos\u201d. Es lo que hacemos como seguidores de Jes\u00fas \u2013 \u201cpasamos\u201d la fe entre nosotros y a cada generaci\u00f3n. \u00a1No se puede \u201ctransferir\u201d lo que se ha olvidado!\r\n\r\nRecordemos hacer las cosas importantes las cuales Jes\u00fas nos ha mandado: amar, evangelizar, discipular, perdonar, servir y adorar.\r\n\r\n&nbsp;\r\n\r\n&nbsp;\r\n\r\n<strong>Por Doug Beacham<\/strong>\r\n\r\n<em>Este art\u00edculo fue publicado en Abril de 2018 en la revista\u00a0<\/em><a href=\"https:\/\/iphc.org\/wp-content\/uploads\/2018\/04\/April-2018-Encourage.pdf\" target=\"_blank\" rel=\"noopener\"><em>Encourage<\/em><\/a><em>.<\/em>","author_name":"","jetpack_featured_media_url":"https:\/\/iphc.org\/evangelism\/wp-content\/uploads\/sites\/3\/2018\/05\/ThinkstockPhotos-656094556-e1525814070667.jpg","jetpack_shortlink":"https:\/\/wp.me\/pbhxDC-fY","jetpack_sharing_enabled":true,"_links":{"self":[{"href":"https:\/\/iphc.org\/evangelism\/wp-json\/wp\/v2\/posts\/990","targetHints":{"allow":["GET"]}}],"collection":[{"href":"https:\/\/iphc.org\/evangelism\/wp-json\/wp\/v2\/posts"}],"about":[{"href":"https:\/\/iphc.org\/evangelism\/wp-json\/wp\/v2\/types\/post"}],"author":[{"embeddable":true,"href":"https:\/\/iphc.org\/evangelism\/wp-json\/wp\/v2\/users\/2"}],"replies":[{"embeddable":true,"href":"https:\/\/iphc.org\/evangelism\/wp-json\/wp\/v2\/comments?post=990"}],"version-history":[{"count":0,"href":"https:\/\/iphc.org\/evangelism\/wp-json\/wp\/v2\/posts\/990\/revisions"}],"wp:featuredmedia":[{"embeddable":true,"href":"https:\/\/iphc.org\/evangelism\/wp-json\/wp\/v2\/media\/1002"}],"wp:attachment":[{"href":"https:\/\/iphc.org\/evangelism\/wp-json\/wp\/v2\/media?parent=990"}],"wp:term":[{"taxonomy":"category","embeddable":true,"href":"https:\/\/iphc.org\/evangelism\/wp-json\/wp\/v2\/categories?post=990"},{"taxonomy":"post_tag","embeddable":true,"href":"https:\/\/iphc.org\/evangelism\/wp-json\/wp\/v2\/tags?post=990"}],"curies":[{"name":"wp","href":"https:\/\/api.w.org\/{rel}","templated":true}]}}