{"id":1367,"date":"2017-06-28T09:30:01","date_gmt":"2017-06-28T09:30:01","guid":{"rendered":"https:\/\/iphc.org\/gso\/?p=1367"},"modified":"2017-06-26T15:12:00","modified_gmt":"2017-06-26T15:12:00","slug":"2017-heartland-annual-conference-report","status":"publish","type":"post","link":"https:\/\/iphc.org\/gso\/2017\/06\/28\/2017-heartland-annual-conference-report\/","title":{"rendered":"2017 Heartland Annual Conference Report"},"content":{"rendered":"<p><strong>By Bishop Thomas McGhee<\/strong><\/p>\n<p>The Heartland Conference gathered on Saturday, April 29, to conduct their Annual Session. The weather was far less than ideal with heavy rain from storms passing through the area.\u00a0 Despite the inclement weather, more than 200 of the conference membership were present.\u00a0 Bishop Stuart Sherrill had prepared a well-organized agenda.\u00a0 After a time of powerful worship, I was blessed to share a presentation on this year\u2019s core value, \u201cWe Prayerfully Value Christ\u2019s Kingdom.\u201d<\/p>\n<p>Bishop Stuart Sherrill shared his State of the Conference Report.\u00a0 He shared his heart and vision for Heartland, which included church planting and other initiatives.\u00a0 The delegates and guests expressed their appreciation for his vision and leadership. Rev. Terry Lowder presented his report as the assistant superintendent, followed by Rev. Hallie Brown\u2019s Director of Discipleship Ministries Report.\u00a0 Rev. Lowder also shared the World Missions 2017 goals.\u00a0 Bishop Sherrill led in presenting various Minister\u2019s Service Pins.<\/p>\n<p>After a break, Rev. John Youell, conference secretary, read the Report of the Examining Committee.\u00a0 Seven individuals were recommended for Minister\u2019s License and four were to be ordained.\u00a0 I was honored to deliver the charge to the following new ministers:<\/p>\n<p>Kaleigh Bishop<\/p>\n<p>Alex Hernandez<\/p>\n<p>Jose L. Matos<\/p>\n<p>Marilyn Matos<\/p>\n<p>Rodrigo Rivas<\/p>\n<p>Daniel Webb<\/p>\n<p>Raeha Butler<\/p>\n<p>It was also a special blessing to lead the ordination service for the following individuals:<\/p>\n<p>Juan Aldama<\/p>\n<p>Donald Dee Boone<\/p>\n<p>Dustin Burpo<\/p>\n<p>Eliu Garcia<\/p>\n<p>After a moving Memoirs Report, our session was adjourned to enjoy lunch and fellowship.\u00a0 It was my pleasure to serve the Heartland Conference and Bishop Sherrill as presiding officer for the day.<\/p>\n","protected":false},"excerpt":{"rendered":"excerpt","protected":false},"author":2,"featured_media":855,"comment_status":"open","ping_status":"open","sticky":false,"template":"","format":"standard","meta":{"_genesis_hide_title":false,"_genesis_hide_breadcrumbs":false,"_genesis_hide_singular_image":false,"_genesis_hide_footer_widgets":false,"_genesis_custom_body_class":"","_genesis_custom_post_class":"","_genesis_layout":"","episode_type":"","audio_file":"","cover_image":"","cover_image_id":"","duration":"","filesize":"","date_recorded":"","explicit":"","block":"","filesize_raw":"","jetpack_post_was_ever_published":false,"_jetpack_newsletter_access":"","_jetpack_dont_email_post_to_subs":false,"_jetpack_newsletter_tier_id":0,"_jetpack_memberships_contains_paywalled_content":false,"_jetpack_memberships_contains_paid_content":false,"footnotes":""},"categories":[1],"tags":[313,330,87,332,85,94],"class_list":{"0":"post-1367","1":"post","2":"type-post","3":"status-publish","4":"format-standard","5":"has-post-thumbnail","7":"category-general","8":"tag-313","9":"tag-annual-conference","10":"tag-conference-report","11":"tag-heartland-conference","12":"tag-june","13":"tag-recap","14":"entry"},"title_es":"2017 Informe de la Conferencia Anual de Rocky Mountain","content_es":"<strong>Por el obispo J. Talmadge Gardner<\/strong> tuve el distinto honor de servir como presidente de la <strong>ROCKY MOUNTAIN ANNUAL CONFERENCE [RMC] Session, 3 de junio de 2017<\/strong> . <strong>\u00a0 <\/strong> Hubo 92 delegados registrados presentes al comienzo de la sesi\u00f3n de la Conferencia a las 9 de la ma\u00f1ana. La conferencia se realiz\u00f3 en <em>el lugar de curaci\u00f3n<\/em> en Brighton, Colorado (cerca de Denver). <em>El Lugar de Curaci\u00f3n<\/em> es pastoreado por el Rev. Joe e Irene S\u00e1nchez. El Rev. Joe S\u00e1nchez es miembro de la Junta General de Ministerios de Hombres. Tambi\u00e9n ha ayudado a Ministerios de Hombres ya su Director General, Rev. Bill Terry, con la traducci\u00f3n de todos los recursos de Ministerios de Hombres al espa\u00f1ol. \u00c9l es un s\u00faper pastor y l\u00edder de servicio. El fin de semana tambi\u00e9n marc\u00f3 <em>el<\/em> traslado de <em>The Healing Place<\/em> de una relaci\u00f3n de afiliado con RMC a la condici\u00f3n de miembro de la iglesia. <u>Pastor<\/u> S\u00e1nchez y <em>The Healing Place<\/em> te hacen sentir orgulloso de ser parte de la IPHC. El viernes, 2 de junio, la Conferencia patrocin\u00f3 una ma\u00f1ana de capacitaci\u00f3n ministerial para el liderazgo de la conferencia. Los presentadores fueron Rosie Olivas, Joe S\u00e1nchez, Larry y June Herrera. La Sra. June Herrera, la <u>primera se\u00f1ora del<\/u> CMR, organiz\u00f3 un almuerzo especial para l\u00edderes de mujeres con la Sra. Juanita D\u00edaz como orador durante la hora de almuerzo y luego el RMC celebr\u00f3 con un Servicio Hispano de la tarde con un orador especial, el <u>pastor<\/u> Adrian Olivas. En esa noche tuvo lugar un servicio de celebraci\u00f3n de la celebraci\u00f3n, en el que Mons. Herrera predic\u00f3. El tema de la conferencia anual fue: <em>\"Un cuerpo en movimiento se mantiene en movimiento <u>\".<\/u><\/em> El Informe del Estado de la Conferencia (COS) del Obispo Herrera proporcion\u00f3 a los asistentes una cuenta muy directa del estado de la Conferencia de las Monta\u00f1as Rocosas. Inclu\u00eda las siguientes actualizaciones:\r\n<ul>\r\n \t<li><u>19<\/u> miembros y 5 iglesias afiliadas<\/li>\r\n \t<li><u>49<\/u> Ministros Ordenados y 11 Ministros Licenciados<\/li>\r\n \t<li>Total de miembros de la iglesia de 1,200 miembros<\/li>\r\n \t<li>Dirigido a la situaci\u00f3n de los diezmos ministeriales<\/li>\r\n \t<li>Proporcion\u00f3 a los asistentes una actualizaci\u00f3n de varias aperturas de la iglesia<\/li>\r\n<\/ul>\r\nAl concluir su informe SOC, Mons. Herrera declar\u00f3: \" <strong>Es tiempo de crecer:<\/strong> regocijarse por el dolor de la poda. Si puede recordar, dirig\u00ed esta conferencia en 2015 sobre lo que el Se\u00f1or hab\u00eda estado impresionando en mi coraz\u00f3n. El verano de 2014 Dios empez\u00f3 a mostrarme que para que esta conferencia creciera tendr\u00eda que pasar por un proceso de poda. Aunque lento y extremadamente doloroso, creo que empezaremos a ver los beneficios de este tiempo hacia adelante. La poda viene en tres maneras diferentes: Remoci\u00f3n, desgaste y acuerdo mutuo. Jes\u00fas dijo: \"Yo soy la vid verdadera, y mi Padre es el jardinero. \u00c9l corta todo ramo en m\u00ed que no da fruto; Mientras que cada rama que da frutos, \u00e9l poda para que sea a\u00fan m\u00e1s fruct\u00edfera. El objetivo del CMR ha sido siempre construir el reino a trav\u00e9s de iglesias, ministerios y ministros saludables. Tener buena fruta, fruta que dura. <strong>Estamos en un buen lugar:<\/strong> tenemos pastores que cumplen. Tenemos hombres y mujeres j\u00f3venes que entienden el significado del trabajo en equipo y tenemos constituyentes que tienen un lugar donde se sienten en casa \". Esta Conferencia hist\u00f3ricamente provee a sus Miembros del Consejo y Directores de Ministerio el privilegio de reportar por escrito y oralmente a la Conferencia . Siempre estoy impresionado por su visi\u00f3n, pasi\u00f3n, y la puntualidad en la que hacen esto. <strong>Las credenciales del clero fueron emitidas como sigue:<\/strong> <em>Ordenaci\u00f3n (7)<\/em>\r\n<ul>\r\n \t<li>Rev. Rick Arrick<\/li>\r\n \t<li>Rev. Jacob Kutsira<\/li>\r\n \t<li>Rev. Norma Luna<\/li>\r\n \t<li>Rev. Jim Martinez<\/li>\r\n \t<li>Rev. Rosemarie Quezada<\/li>\r\n \t<li>Rev. Evangeline Santistevan<\/li>\r\n \t<li>Rev. Ronald Wright<\/li>\r\n<\/ul>\r\n<em>Licencia de Ministro (2)<\/em>\r\n<ul>\r\n \t<li>Rev. Joseph Cedillo<\/li>\r\n \t<li>Rev. Amy Joseph<\/li>\r\n<\/ul>\r\n<em>Certificado del Ministro de la Iglesia Local (20)<\/em>\r\n<ul>\r\n \t<li>Rev. Michelle Arguello<\/li>\r\n \t<li>Rev. Ramon M Pinon Ayon<\/li>\r\n \t<li>Rev. Roger Dale Cates<\/li>\r\n \t<li>Rev. Alexandra Cedillo<\/li>\r\n \t<li>Rev. Lewis Enriquez<\/li>\r\n \t<li>Rev. Luis Enr\u00edquez<\/li>\r\n \t<li>Rev. Delia Nidia Agustin Gomes<\/li>\r\n \t<li>Rev. Kimberly Kay Harmon<\/li>\r\n \t<li>Rev. Jim Kucera<\/li>\r\n \t<li>Rev. Matthew L. Lindsay<\/li>\r\n \t<li>Rev. Jeanette Luna<\/li>\r\n \t<li>Rev. Jorge Luna Jr.<\/li>\r\n \t<li>Rev. Shantel Martinez<\/li>\r\n \t<li>Rev. Cheryl Milhorn<\/li>\r\n \t<li>Rev. Mirna Yadria Escobar Reza<\/li>\r\n \t<li>Rev. Lilia Rosas<\/li>\r\n \t<li>Rev. Alma Delia Salas<\/li>\r\n \t<li>Rev. Michelle Trejo<\/li>\r\n \t<li>Rev. Alejandro Villa<\/li>\r\n \t<li>Rev. Marta Villa<\/li>\r\n<\/ul>\r\n<strong>Fue un honor como oficial presidente reconocer a los siguientes asistentes a la conferencia:<\/strong>\r\n<ul>\r\n \t<li>Rev. Paul Clark, ex Superintendente de la Conferencia, GBA y Miembro de la COB. La se\u00f1ora Verna Clark no estaba presente. Por favor contin\u00fae con Verna en sus oraciones. Probablemente una de las damas m\u00e1s queridas de la IPHC.<\/li>\r\n \t<li>Rev. Brian y Carol Burgess, ex misioneros de IPHC en Sud\u00e1frica y Zambia<\/li>\r\n \t<li>Rev. Tyler y Laura Clark, ex misioneros de IPHC en Jap\u00f3n<\/li>\r\n \t<li>Rev. Dawn Lubin, ex misionero de IPHC en Sud\u00e1frica y Costa de Marfil<\/li>\r\n<\/ul>\r\nEn su Memoria, la Conferencia en sesi\u00f3n rindi\u00f3 un homenaje especial a Rev. Clifford M. Sampier, pastor de la Monta\u00f1a Rocosa durante mucho tiempo y Superintendente de la Conferencia. Despu\u00e9s de su informe de Misiones, el Asistente del Superintendente de Conferencia y Director de Misiones de Conferencia, Tyler Clark, desafi\u00f3 a la Conferencia a apoyar el \u00e9nfasis de RMC 2017 Global Outreach. Un total de $ 1,345.97 fue recibido en una ofrenda especial tomada en la Conferencia. Esta fue la primera Conferencia en la que la Sra. Laura Stewart Clark ayud\u00f3 al Obispo Herrera con su planificaci\u00f3n. Ella es la hija de la Sra. Jewel Stewart - ella sobresali\u00f3! Que Dios le d\u00e9 a Larry ya June Herrera los deseos de su coraz\u00f3n, ya que ellos proveyeron visi\u00f3n y supervisi\u00f3n espiritual de esta parte de nuestro reba\u00f1o de IPHC. Esta Conferencia tiene un tremendo potencial en el reino. Que este sea su \" <strong>tiempo para crecer<\/strong> \"!","author_name":"","jetpack_featured_media_url":"https:\/\/iphc.org\/gso\/wp-content\/uploads\/sites\/5\/2016\/05\/2016-Conference-Recap-Graphic-2.jpg","jetpack_shortlink":"https:\/\/wp.me\/pb62Bx-m3","jetpack_sharing_enabled":true,"_links":{"self":[{"href":"https:\/\/iphc.org\/gso\/wp-json\/wp\/v2\/posts\/1367","targetHints":{"allow":["GET"]}}],"collection":[{"href":"https:\/\/iphc.org\/gso\/wp-json\/wp\/v2\/posts"}],"about":[{"href":"https:\/\/iphc.org\/gso\/wp-json\/wp\/v2\/types\/post"}],"author":[{"embeddable":true,"href":"https:\/\/iphc.org\/gso\/wp-json\/wp\/v2\/users\/2"}],"replies":[{"embeddable":true,"href":"https:\/\/iphc.org\/gso\/wp-json\/wp\/v2\/comments?post=1367"}],"version-history":[{"count":0,"href":"https:\/\/iphc.org\/gso\/wp-json\/wp\/v2\/posts\/1367\/revisions"}],"wp:featuredmedia":[{"embeddable":true,"href":"https:\/\/iphc.org\/gso\/wp-json\/wp\/v2\/media\/855"}],"wp:attachment":[{"href":"https:\/\/iphc.org\/gso\/wp-json\/wp\/v2\/media?parent=1367"}],"wp:term":[{"taxonomy":"category","embeddable":true,"href":"https:\/\/iphc.org\/gso\/wp-json\/wp\/v2\/categories?post=1367"},{"taxonomy":"post_tag","embeddable":true,"href":"https:\/\/iphc.org\/gso\/wp-json\/wp\/v2\/tags?post=1367"}],"curies":[{"name":"wp","href":"https:\/\/api.w.org\/{rel}","templated":true}]}}