{"id":2079,"date":"2018-04-16T22:28:41","date_gmt":"2018-04-16T22:28:41","guid":{"rendered":"https:\/\/iphc.org\/gso\/?p=2079"},"modified":"2018-04-16T22:29:32","modified_gmt":"2018-04-16T22:29:32","slug":"importance-global-outreach-51-demetrius-miles","status":"publish","type":"post","link":"https:\/\/iphc.org\/gso\/2018\/04\/16\/importance-global-outreach-51-demetrius-miles\/","title":{"rendered":"The Importance of Global Outreach: #51 with Demetrius Miles"},"content":{"rendered":"<p>In this episode of the\u00a0<a href=\"https:\/\/iphc.org\/podcast\/importance-global-outreach-51-demetrius-miles\/\"  rel=\"noopener\"><em>Leadership Cast<\/em><\/a>, we talk with the EVUSA Director of Multi-Ethnic Ministries and Administrative Director of Acts2Day,\u00a0<span id=\"fb-timeline-cover-name\" class=\"_2t_q\" data-testid=\"profile_name_in_profile_page\">Demetrius Miles. He shares with us about <a href=\"http:\/\/globaloutreachday.com\/de\/content\/front-page\"  rel=\"noopener\">Global Outreach Day<\/a>, the vision of this day, and the importance of sharing the message of Jesus Christ to the whole world.<\/span><\/p>\n<div class=\"podcast_player\">\n<div id=\"mep_0\" class=\"mejs-container mejs-container-keyboard-inactive wp-audio-shortcode mejs-audio\" tabindex=\"0\" role=\"application\" aria-label=\"Audio Player\">\n<div class=\"mejs-inner\"><\/div>\n<\/div>\n<\/div>\n<p><em><br \/>\n<\/em><a href=\"https:\/\/iphc.org\/podcast\/importance-global-outreach-51-demetrius-miles\/\"  rel=\"noopener\"><img loading=\"lazy\" decoding=\"async\" class=\"aligncenter wp-image-395 size-thumbnail\" src=\"https:\/\/iphc.org\/gso\/wp-content\/uploads\/sites\/5\/2015\/04\/LC-Podbean-Avatar-3-600-150x150.png\" alt=\"\" width=\"150\" height=\"150\" srcset=\"https:\/\/iphc.org\/gso\/wp-content\/uploads\/sites\/5\/2015\/04\/LC-Podbean-Avatar-3-600-150x150.png 150w, https:\/\/iphc.org\/gso\/wp-content\/uploads\/sites\/5\/2015\/04\/LC-Podbean-Avatar-3-600-300x300.png 300w, https:\/\/iphc.org\/gso\/wp-content\/uploads\/sites\/5\/2015\/04\/LC-Podbean-Avatar-3-600.png 600w\" sizes=\"auto, (max-width: 150px) 100vw, 150px\" \/><\/a><\/p>\n<h1 style=\"text-align: center;\"><a href=\"https:\/\/iphc.org\/podcast\/importance-global-outreach-51-demetrius-miles\/\"  rel=\"noopener\">CLICK HERE TO LISTEN\/DOWNLOAD<\/a><\/h1>\n","protected":false},"excerpt":{"rendered":"excerpt","protected":false},"author":2,"featured_media":81,"comment_status":"open","ping_status":"open","sticky":false,"template":"","format":"standard","meta":{"_genesis_hide_title":false,"_genesis_hide_breadcrumbs":false,"_genesis_hide_singular_image":false,"_genesis_hide_footer_widgets":false,"_genesis_custom_body_class":"","_genesis_custom_post_class":"","_genesis_layout":"","episode_type":"","audio_file":"","cover_image":"","cover_image_id":"","duration":"","filesize":"","date_recorded":"","explicit":"","block":"","filesize_raw":"","jetpack_post_was_ever_published":false,"_jetpack_newsletter_access":"","_jetpack_dont_email_post_to_subs":false,"_jetpack_newsletter_tier_id":0,"_jetpack_memberships_contains_paywalled_content":false,"_jetpack_memberships_contains_paid_content":false,"footnotes":""},"categories":[303],"tags":[510,541,61,542,535,310,24,23],"class_list":{"0":"post-2079","1":"post","2":"type-post","3":"status-publish","4":"format-standard","5":"has-post-thumbnail","7":"category-leadership-cast","8":"tag-510","9":"tag-541","10":"tag-april","11":"tag-demetrius-miles","12":"tag-global-outreach-day","13":"tag-interview","14":"tag-leadership-cast","15":"tag-podcast","16":"entry"},"title_es":"C\u00f3mo deben pensar todas las generaciones acerca de la oraci\u00f3n: # 50 con el Dr. Lou Shirey","content_es":"En este episodio de <a href=\"https:\/\/iphc.org\/podcast\/generations-think-prayer-50-dr-lou-shirey\/\" target=\"_blank\" rel=\"noopener\"><em>Leadership Cast<\/em><\/a> , hablamos con el Dr. Lou Shirey, director de Desarrollo del Clero y el ministerio de oraci\u00f3n WIN del IPHC, sobre el pr\u00f3ximo gran despertar de la iglesia a trav\u00e9s de Internet. En esta discusi\u00f3n, el Dr. Shirey comparte sobre el significado de la oraci\u00f3n, su desarrollo en el tiempo y la importancia de incluir a todas las generaciones en nuestro enfoque de oraci\u00f3n.\r\n<div class=\"podcast_player\">\r\n<div id=\"mep_0\" class=\"mejs-container mejs-container-keyboard-inactive wp-audio-shortcode mejs-audio\" role=\"application\">\r\n<div class=\"mejs-inner\"><\/div>\r\n<\/div>\r\n<\/div>\r\n<em>\r\n<\/em> <a href=\"https:\/\/iphc.org\/podcast\/generations-think-prayer-50-dr-lou-shirey\/\" target=\"_blank\" rel=\"noopener\"><img class=\"aligncenter wp-image-395 size-thumbnail\" src=\"https:\/\/iphc.org\/gso\/wp-content\/uploads\/sites\/5\/2015\/04\/LC-Podbean-Avatar-3-600-150x150.png\" alt=\"\" width=\"150\" height=\"150\" \/><\/a>\r\n<h1 style=\"text-align: center\"><a href=\"https:\/\/iphc.org\/podcast\/generations-think-prayer-50-dr-lou-shirey\/\" target=\"_blank\" rel=\"noopener\">HAGA CLIC AQU\u00cd PARA ESCUCHAR \/ DESCARGAR<\/a><\/h1>","author_name":"","jetpack_featured_media_url":"https:\/\/iphc.org\/gso\/wp-content\/uploads\/sites\/5\/2014\/08\/Leadership-Cast-Banner-NS1.jpg","jetpack_shortlink":"https:\/\/wp.me\/pb62Bx-xx","jetpack_sharing_enabled":true,"_links":{"self":[{"href":"https:\/\/iphc.org\/gso\/wp-json\/wp\/v2\/posts\/2079","targetHints":{"allow":["GET"]}}],"collection":[{"href":"https:\/\/iphc.org\/gso\/wp-json\/wp\/v2\/posts"}],"about":[{"href":"https:\/\/iphc.org\/gso\/wp-json\/wp\/v2\/types\/post"}],"author":[{"embeddable":true,"href":"https:\/\/iphc.org\/gso\/wp-json\/wp\/v2\/users\/2"}],"replies":[{"embeddable":true,"href":"https:\/\/iphc.org\/gso\/wp-json\/wp\/v2\/comments?post=2079"}],"version-history":[{"count":0,"href":"https:\/\/iphc.org\/gso\/wp-json\/wp\/v2\/posts\/2079\/revisions"}],"wp:featuredmedia":[{"embeddable":true,"href":"https:\/\/iphc.org\/gso\/wp-json\/wp\/v2\/media\/81"}],"wp:attachment":[{"href":"https:\/\/iphc.org\/gso\/wp-json\/wp\/v2\/media?parent=2079"}],"wp:term":[{"taxonomy":"category","embeddable":true,"href":"https:\/\/iphc.org\/gso\/wp-json\/wp\/v2\/categories?post=2079"},{"taxonomy":"post_tag","embeddable":true,"href":"https:\/\/iphc.org\/gso\/wp-json\/wp\/v2\/tags?post=2079"}],"curies":[{"name":"wp","href":"https:\/\/api.w.org\/{rel}","templated":true}]}}