{"id":763,"date":"2016-02-05T15:01:47","date_gmt":"2016-02-05T15:01:47","guid":{"rendered":"https:\/\/iphc.org\/gso\/?p=763"},"modified":"2016-02-05T15:03:10","modified_gmt":"2016-02-05T15:03:10","slug":"elevate-pastors-conference-at-the-first-church","status":"publish","type":"post","link":"https:\/\/iphc.org\/gso\/2016\/02\/05\/elevate-pastors-conference-at-the-first-church\/","title":{"rendered":"Elevate Pastor\u2019s Conference at The First Church"},"content":{"rendered":"<p><a href=\"http:\/\/elevatefirst.org\/elevate-conference\"  rel=\"attachment wp-att-764\"><img loading=\"lazy\" decoding=\"async\" class=\"alignleft wp-image-764\" src=\"https:\/\/iphc.org\/gso\/wp-content\/uploads\/sites\/5\/2016\/02\/Elevate-Conference-2016-ad-tall-512x1024.jpg\" alt=\"Elevate Conference-2016-ad-tall\" width=\"300\" height=\"600\" srcset=\"https:\/\/iphc.org\/gso\/wp-content\/uploads\/sites\/5\/2016\/02\/Elevate-Conference-2016-ad-tall-512x1024.jpg 512w, https:\/\/iphc.org\/gso\/wp-content\/uploads\/sites\/5\/2016\/02\/Elevate-Conference-2016-ad-tall-150x300.jpg 150w, https:\/\/iphc.org\/gso\/wp-content\/uploads\/sites\/5\/2016\/02\/Elevate-Conference-2016-ad-tall-200x400.jpg 200w, https:\/\/iphc.org\/gso\/wp-content\/uploads\/sites\/5\/2016\/02\/Elevate-Conference-2016-ad-tall.jpg 750w\" sizes=\"auto, (max-width: 300px) 100vw, 300px\" \/><\/a><a href=\"http:\/\/thefirstphchurch.org\/\">The First Church<\/a> in Goldsboro, North Carolina is hosting the second annual <strong>Elevate Conference<\/strong> Wednesday, March 9 and Thursday, March 10, 2016, to assist churches and pastors in breaking barriers and moving to the next level in their ministry. Pastors will have the opportunity to hear from leaders from who will instruct and encourage attendees in the following areas: church revitalization, vision casting, breaking growth barriers, structure and assimilation, team building and leadership strategies.<\/p>\n<p>&nbsp;<\/p>\n<p>Wednesday\u2019s schedule will include general sessions as well as breakout sessions over lunch with The First Church staff and special guests who will share specific information about their areas of ministry. Time will be provided for questions and answers in a small group setting.\u00a0 The evening worship service will feature Presiding Bishop Doug Beacham and The First Church worship team.<\/p>\n<p>&nbsp;<\/p>\n<p>General sessions will continue Thursday with specials guests Dr. Conrad Lowe and Pastor Josh Hannah. We will enjoy a catered lunch together that will include a special coaching panel discussion with Bishop Danny Nelson, Bishop Jim Whitfield, Bishop D. Chris Thompson and Dr. Conrad Lowe.<\/p>\n<p>&nbsp;<\/p>\n<p>Elevate Conference is open to conference leadership, pastors, and lay leaders from the IPHC family as well as other movements. The cost of this powerful and practical event is $39 for early bird registration and $49 after March 1. Please <a href=\"http:\/\/www.elevatefirst.org\/elevate-conference\/register\">register<\/a> at <a href=\"http:\/\/elevatefirst.org\/elevate-conference\" >elevatefirst.org<\/a>.<\/p>\n","protected":false},"excerpt":{"rendered":"excerpt","protected":false},"author":2,"featured_media":0,"comment_status":"open","ping_status":"open","sticky":false,"template":"","format":"standard","meta":{"_genesis_hide_title":false,"_genesis_hide_breadcrumbs":false,"_genesis_hide_singular_image":false,"_genesis_hide_footer_widgets":false,"_genesis_custom_body_class":"","_genesis_custom_post_class":"","_genesis_layout":"","episode_type":"","audio_file":"","cover_image":"","cover_image_id":"","duration":"","filesize":"","date_recorded":"","explicit":"","block":"","filesize_raw":"","jetpack_post_was_ever_published":false,"_jetpack_newsletter_access":"","_jetpack_dont_email_post_to_subs":false,"_jetpack_newsletter_tier_id":0,"_jetpack_memberships_contains_paywalled_content":false,"_jetpack_memberships_contains_paid_content":false,"footnotes":""},"categories":[1],"tags":[180,288,289],"class_list":{"0":"post-763","1":"post","2":"type-post","3":"status-publish","4":"format-standard","6":"category-general","7":"tag-180","8":"tag-elevate-conference","9":"tag-march","10":"entry"},"title_es":"Elevar Conferencia de pastor de la Primera Iglesia","content_es":"<a href=\"http:\/\/elevatefirst.org\/elevate-conference\" target=\"_blank\" rel=\"attachment wp-att-764\"><img class=\"alignleft wp-image-764\" src=\"https:\/\/iphc.org\/gso\/wp-content\/uploads\/sites\/5\/2016\/02\/Elevate-Conference-2016-ad-tall-512x1024.jpg\" alt=\"Elevate Conferencia-2016-ad-alto\" width=\"300\" height=\"600\" \/><\/a> <a href=\"http:\/\/thefirstphchurch.org\/\">La primera iglesia<\/a> en Goldsboro, Carolina del Norte patrocina la segunda <strong>Conferencia<\/strong> Anual de <strong>Elevate<\/strong> Mi\u00e9rcoles, 9 de marzo y Jueves, 10 de marzo de, 2016, para ayudar a las iglesias y pastores en romper las barreras y pasar al siguiente nivel en su ministerio. Pastores tendr\u00e1n la oportunidad de escuchar a los l\u00edderes de que instruir y animar a los asistentes en las siguientes \u00e1reas: revitalizaci\u00f3n de la iglesia, de fundici\u00f3n visi\u00f3n, derribar las barreras de crecimiento, la estructura y la asimilaci\u00f3n, la formaci\u00f3n de equipos y estrategias de liderazgo. horario del mi\u00e9rcoles incluir\u00e1 sesiones generales, as\u00ed como sesiones de trabajo durante el almuerzo con el personal de la Primera Iglesia e invitados especiales que compartir\u00e1n informaci\u00f3n espec\u00edfica sobre sus \u00e1reas de ministerio. El tiempo ser\u00e1 proporcionado para preguntas y respuestas en un grupo peque\u00f1o. El servicio de culto noche incluir\u00e1 Obispo Presidente Doug Beacham y el equipo de adoraci\u00f3n Primera Iglesia. Las sesiones generales continuar\u00e1n el jueves con invitados especiales el Dr. Conrad Lowe y Pastor Josh Hannah. Disfrutaremos de un almuerzo juntos atendidos que incluir\u00e1 una mesa redonda de entrenamiento especial con el obispo Danny Nelson, Obispo Jim Whitfield, Obispo D. Chris Thompson y el doctor Conrad Lowe. Conferencia Elevate est\u00e1 abierto a la conferencia de liderazgo, pastores y l\u00edderes laicos de la familia de la IISP, as\u00ed como otros movimientos. El costo de este evento de gran alcance y pr\u00e1ctico es de $ 39 por inscripci\u00f3n anticipada y $ 49 a partir de marzo 1. Por favor <a href=\"http:\/\/www.elevatefirst.org\/elevate-conference\/register\">reg\u00edstrese<\/a> en <a href=\"http:\/\/elevatefirst.org\/elevate-conference\" target=\"_blank\">elevatefirst.org<\/a> .","author_name":"","jetpack_featured_media_url":"","jetpack_shortlink":"https:\/\/wp.me\/pb62Bx-cj","jetpack_sharing_enabled":true,"_links":{"self":[{"href":"https:\/\/iphc.org\/gso\/wp-json\/wp\/v2\/posts\/763","targetHints":{"allow":["GET"]}}],"collection":[{"href":"https:\/\/iphc.org\/gso\/wp-json\/wp\/v2\/posts"}],"about":[{"href":"https:\/\/iphc.org\/gso\/wp-json\/wp\/v2\/types\/post"}],"author":[{"embeddable":true,"href":"https:\/\/iphc.org\/gso\/wp-json\/wp\/v2\/users\/2"}],"replies":[{"embeddable":true,"href":"https:\/\/iphc.org\/gso\/wp-json\/wp\/v2\/comments?post=763"}],"version-history":[{"count":0,"href":"https:\/\/iphc.org\/gso\/wp-json\/wp\/v2\/posts\/763\/revisions"}],"wp:attachment":[{"href":"https:\/\/iphc.org\/gso\/wp-json\/wp\/v2\/media?parent=763"}],"wp:term":[{"taxonomy":"category","embeddable":true,"href":"https:\/\/iphc.org\/gso\/wp-json\/wp\/v2\/categories?post=763"},{"taxonomy":"post_tag","embeddable":true,"href":"https:\/\/iphc.org\/gso\/wp-json\/wp\/v2\/tags?post=763"}],"curies":[{"name":"wp","href":"https:\/\/api.w.org\/{rel}","templated":true}]}}