{"id":3114,"date":"2019-09-06T13:18:39","date_gmt":"2019-09-06T18:18:39","guid":{"rendered":"https:\/\/iphc.org\/missions\/?p=3114"},"modified":"2019-09-06T13:18:39","modified_gmt":"2019-09-06T18:18:39","slug":"mrema-newsletter-september-2019","status":"publish","type":"post","link":"https:\/\/iphc.org\/missions\/mrema-newsletter-september-2019\/","title":{"rendered":"Mrema Newsletter: September 2019"},"content":{"rendered":"<div id=\"pl-3114\"  class=\"panel-layout\" ><div id=\"pg-3114-0\"  class=\"panel-grid panel-has-style ingpb-standard-row\" ><div data-full-row=\"yes\" class=\"panel-row-style panel-row-style-for-3114-0\" ><div id=\"pgc-3114-0-0\"  class=\"panel-grid-cell\" ><div id=\"panel-3114-0-0-0\" class=\"so-panel widget widget_sow-editor panel-first-child panel-last-child\" data-index=\"0\" ><div class=\"panel-widget-style panel-widget-style-for-3114-0-0-0\" ><div\n\t\t\t\n\t\t\tclass=\"so-widget-sow-editor so-widget-sow-editor-base\"\n\t\t\t\n\t\t>\n<div class=\"siteorigin-widget-tinymce textwidget\">\n\t<p><em><strong>Dear missions friends and family,<\/strong><\/em><\/p>\n<p>Greetings to you in the mighty name of Jesus Christ our Lord and Savior.<\/p>\n<p>You have encouraged us as a family of five in many ways over the years. Thank you. You have continued to partner with me, even now, after the home-going of my late husband, Kundael Mrema. Your prayers have sustained me throughout the twenty months without having my husband or children on the mission field.<\/p>\n<p>September 17, 2019, will be three months since I came home on furlough. The hand of the Lord has protected me as I have gone to speak in different churches. I thought many times, \"How will it be traveling alone?\" However, God has been so faithful. My returning back to Tanzania is coming closer, as my furlough is coming to an end. I will be going back in October, if everything remains the same. I am so excited to see what God has in store for this ministry, this season, in Tanzania.<\/p>\n<h2><span style=\"color: #008000;\">TESTIMONIES OF FAVOR<\/span><\/h2>\n<p>I have experienced the favor of God more than ever before. I visited some churches which I did not expect to speak at but was given the opportunity. On Friday, August 30, I spoke at the Church of God of Prophecy, and on July 28, I spoke at an independent church. I am so thankful.<\/p>\n<p>Pastors and missions directors have been reaching out to me to see if I could visit their churches. I am sorry if I was unable to visit your church. This was due to my limitations as a human being.<\/p>\n<p>A Muslim lady who gave her life to Jesus recently needed employment, and after much prayer, she has a job now.<\/p>\n<h2><span style=\"color: #008000;\">PRAYER NEEDS<\/span><\/h2>\n<p>Please pray for my travels as I plan to go back next month.<\/p>\n<p>Pray that the anointing of God will be upon me as I minister to the people in Tanzania.<\/p>\n<p>Remember a Muslim young man who was saved in May, that he may go back to witness to his friends later on.<\/p>\n<p>Pray for the country of Tanzania and the economy there. Thank you again for partnering with this ministry through your prayers and financial giving. Please remember; \u201cA Missions Partner is A Miracle Candidate.\u201d<\/p>\n<p><em><strong>Yasinta Mrema<\/strong><\/em><\/p>\n<\/div>\n<\/div><\/div><\/div><\/div><\/div><\/div><\/div>","protected":false},"excerpt":{"rendered":"<p>Dear missions friends and family, Greetings to you in the mighty name of Jesus Christ our Lord and Savior. You have encouraged us as a family of five in many&#8230;<\/p>\n","protected":false},"author":21,"featured_media":2110,"comment_status":"open","ping_status":"open","sticky":false,"template":"","format":"standard","meta":{"_genesis_hide_title":false,"_genesis_hide_breadcrumbs":false,"_genesis_hide_singular_image":false,"_genesis_hide_footer_widgets":false,"_genesis_custom_body_class":"","_genesis_custom_post_class":"","_genesis_layout":"","_jetpack_memberships_contains_paid_content":false,"footnotes":""},"categories":[29,1,4],"tags":[336,156,319,292],"class_list":{"0":"post-3114","1":"post","2":"type-post","3":"status-publish","4":"format-standard","5":"has-post-thumbnail","7":"category-missionary-newsletters","8":"category-uncategorized","9":"category-world-missions","10":"tag-336","11":"tag-mrema","12":"tag-september","13":"tag-yasinta-mrema","14":"entry"},"title_es":"Bolet\u00edn de Nichols: septiembre de 2019","content_es":"<div id=\"pl-3104\" class=\"panel-layout\"><div id=\"pg-3104-0\" class=\"panel-grid panel-no-style ingpb-standard-row\" data-style=\"{&quot;background_image_attachment&quot;:false,&quot;background_display&quot;:&quot;tile&quot;,&quot;cell_alignment&quot;:&quot;flex-start&quot;}\" data-ratio=\"1\" data-ratio-direction=\"right\"><div id=\"pgc-3104-0-0\" class=\"panel-grid-cell\" data-weight=\"1\"><div id=\"panel-3104-0-0-0\" class=\"so-panel widget widget_sow-editor panel-first-child panel-last-child\" data-index=\"0\" data-style=\"{&quot;padding&quot;:&quot;.125in .125in .125in .125in&quot;,&quot;mobile_padding&quot;:&quot;.125in .125in .125in .125in&quot;,&quot;background_image_attachment&quot;:false,&quot;background_display&quot;:&quot;tile&quot;}\"><div class=\"panel-widget-style panel-widget-style-for-3104-0-0-0\"><div class=\"so-widget-sow-editor so-widget-sow-editor-base\"><div class=\"siteorigin-widget-tinymce textwidget\"><h2> <a href=\"https:\/\/iphc.org\/missions\/wp-content\/uploads\/sites\/2\/2019\/09\/Family-2019.jpg\"><img class=\"aligncenter wp-image-3113\" src=\"https:\/\/iphc.org\/missions\/wp-content\/uploads\/sites\/2\/2019\/09\/Family-2019-1024x632.jpg\" alt=\"La familia nichols\" width=\"500\" height=\"309\" \/><\/a> <\/h2><h2> Emocionante verano en Ecuador <\/h2><p> \u00a1Ha sido un verano ocupado en Ecuador! Hemos tenido el privilegio de albergar muchos equipos y hemos visto grandes cosas suceder. Hemos visto comenzar proyectos de construcci\u00f3n, salvaciones, curaciones y corazones unidos. Nuestro entrenamiento para pastores, LTI, est\u00e1 en marcha y hay una nueva emoci\u00f3n entre nuestros pastores. \u00a1Creemos que lo mejor a\u00fan est\u00e1 por venir para el trabajo aqu\u00ed en Ecuador! <\/p><p> <a href=\"https:\/\/iphc.org\/missions\/wp-content\/uploads\/sites\/2\/2019\/09\/EC.png\"><img class=\"wp-image-3105 size-medium alignnone\" src=\"https:\/\/iphc.org\/missions\/wp-content\/uploads\/sites\/2\/2019\/09\/EC-270x270.png\" alt=\"Grupo de ecuador\" width=\"270\" height=\"270\" \/><\/a> <a href=\"https:\/\/iphc.org\/missions\/wp-content\/uploads\/sites\/2\/2019\/09\/EC2.png\"><img class=\"wp-image-3106 size-medium alignnone\" src=\"https:\/\/iphc.org\/missions\/wp-content\/uploads\/sites\/2\/2019\/09\/EC2-270x270.png\" alt=\"Grupo de ecuador\" width=\"270\" height=\"270\" \/><\/a> <\/p><p> \u00a1Qu\u00e9 honor haber tenido a los Cantantes de Emmanuel con nosotros durante el verano! Dirigidos por el Rev. Tres y Rachael Ward, tuvimos nuestra primera Conferencia de M\u00fasica y Juventud. Asistieron m\u00e1s de 100 personas. Este grupo dej\u00f3 tal impacto en la juventud de la IPHC en Ecuador y form\u00f3 relaciones que durar\u00e1n hasta la eternidad. <\/p><p> <a href=\"https:\/\/iphc.org\/missions\/wp-content\/uploads\/sites\/2\/2019\/09\/SC.png\"><img class=\"alignnone wp-image-3107 size-medium\" src=\"https:\/\/iphc.org\/missions\/wp-content\/uploads\/sites\/2\/2019\/09\/SC-270x270.png\" alt=\"Construyendo en Ecuador\" width=\"270\" height=\"270\" \/><\/a> <\/p><p> La Iglesia Marysville y la Iglesia Well de la Conferencia de Carolina del Sur bendijeron a nuestra iglesia en el sur con una sala para ni\u00f1os \/ j\u00f3venes y un nuevo departamento para nuestros pastores, Jorge y Anabela Navarrette. El piso inferior pronto servir\u00e1 como un santuario m\u00e1s grande. <\/p><p> Se adjuntan algunas fotos de nuestros equipos de Northpointe, Fountain of Life, Bethel Life y The Message Church. \u00a1Ojal\u00e1 hubiera espacio para compartir m\u00e1s! Cada equipo fue una bendici\u00f3n en Quito, Tulcan, Otavalo y Macas. <\/p><p> <a href=\"https:\/\/iphc.org\/missions\/wp-content\/uploads\/sites\/2\/2019\/09\/BL2.png\"><img class=\"wp-image-3108 size-medium alignnone\" src=\"https:\/\/iphc.org\/missions\/wp-content\/uploads\/sites\/2\/2019\/09\/BL2-270x270.png\" alt=\"Un cantante de Emmanuel arroja amor a un ni\u00f1o en Ecuador\" width=\"270\" height=\"270\" \/><\/a> <a href=\"https:\/\/iphc.org\/missions\/wp-content\/uploads\/sites\/2\/2019\/09\/FOL6.png\"><img class=\"wp-image-3109 size-medium alignnone\" src=\"https:\/\/iphc.org\/missions\/wp-content\/uploads\/sites\/2\/2019\/09\/FOL6-270x270.png\" alt=\"Las u\u00f1as de una ni\u00f1a siendo pintadas en Ecuador\" width=\"270\" height=\"270\" \/><\/a> <a href=\"https:\/\/iphc.org\/missions\/wp-content\/uploads\/sites\/2\/2019\/09\/MSG2.png\"><img class=\"wp-image-3110 size-medium alignnone\" src=\"https:\/\/iphc.org\/missions\/wp-content\/uploads\/sites\/2\/2019\/09\/MSG2-270x270.png\" alt=\"Personas sirviendo en Ecuador\" width=\"270\" height=\"270\" \/><\/a> <a href=\"https:\/\/iphc.org\/missions\/wp-content\/uploads\/sites\/2\/2019\/09\/NP2.png\"><img class=\"wp-image-3111 size-medium alignnone\" src=\"https:\/\/iphc.org\/missions\/wp-content\/uploads\/sites\/2\/2019\/09\/NP2-270x270.png\" alt=\"Ministerio de Ni\u00f1os en Ecuador\" width=\"270\" height=\"270\" \/><\/a> <\/p><p> La tierra est\u00e1 despejada en Otavalo. Comenzaremos a construir pronto. La ciudad entr\u00f3 y paviment\u00f3 las calles, puso bordillos y aceras, Y agreg\u00f3 una parada de autob\u00fas justo en frente de donde se est\u00e1 construyendo la iglesia. \u00a1Esta es una bendici\u00f3n imprevista provista por el Se\u00f1or! <\/p><p> Nuestro permiso est\u00e1 a la vuelta de la esquina. Por favor, ore por nosotros mientras hacemos la transici\u00f3n de regreso a los Estados Unidos, y mientras aumentamos nuestro apoyo para nuestro segundo mandato. \u00a1Dios ha sido tan fiel los \u00faltimos tres a\u00f1os, y sabemos que su fidelidad y favor continuar\u00e1n sobre nosotros! <\/p><p> <a href=\"https:\/\/iphc.org\/missions\/wp-content\/uploads\/sites\/2\/2019\/09\/Otavalo.png\"><img class=\"alignnone wp-image-3112 size-medium\" src=\"https:\/\/iphc.org\/missions\/wp-content\/uploads\/sites\/2\/2019\/09\/Otavalo-270x270.png\" alt=\"Ni\u00f1os jugando f\u00fatbol en Ecuador\" width=\"270\" height=\"270\" \/><\/a> <\/p><p> <em><strong>Bendiciones<\/strong><\/em> <\/p><p> <em><strong>Madeline Raglin<\/strong><\/em> <\/p><\/div><\/div><\/div><\/div><\/div><\/div><\/div>","author_name":"Yasinta Mrema","jetpack_featured_media_url":"https:\/\/iphc.org\/missions\/wp-content\/uploads\/sites\/2\/2018\/05\/Newsletters.jpg","jetpack_shortlink":"https:\/\/wp.me\/pb62Ar-Oe","jetpack_sharing_enabled":true,"_links":{"self":[{"href":"https:\/\/iphc.org\/missions\/wp-json\/wp\/v2\/posts\/3114","targetHints":{"allow":["GET"]}}],"collection":[{"href":"https:\/\/iphc.org\/missions\/wp-json\/wp\/v2\/posts"}],"about":[{"href":"https:\/\/iphc.org\/missions\/wp-json\/wp\/v2\/types\/post"}],"author":[{"embeddable":true,"href":"https:\/\/iphc.org\/missions\/wp-json\/wp\/v2\/users\/21"}],"replies":[{"embeddable":true,"href":"https:\/\/iphc.org\/missions\/wp-json\/wp\/v2\/comments?post=3114"}],"version-history":[{"count":0,"href":"https:\/\/iphc.org\/missions\/wp-json\/wp\/v2\/posts\/3114\/revisions"}],"wp:featuredmedia":[{"embeddable":true,"href":"https:\/\/iphc.org\/missions\/wp-json\/wp\/v2\/media\/2110"}],"wp:attachment":[{"href":"https:\/\/iphc.org\/missions\/wp-json\/wp\/v2\/media?parent=3114"}],"wp:term":[{"taxonomy":"category","embeddable":true,"href":"https:\/\/iphc.org\/missions\/wp-json\/wp\/v2\/categories?post=3114"},{"taxonomy":"post_tag","embeddable":true,"href":"https:\/\/iphc.org\/missions\/wp-json\/wp\/v2\/tags?post=3114"}],"curies":[{"name":"wp","href":"https:\/\/api.w.org\/{rel}","templated":true}]}}