{"id":4685,"date":"2022-03-08T10:20:40","date_gmt":"2022-03-08T16:20:40","guid":{"rendered":"https:\/\/iphc.org\/missions\/?p=4685"},"modified":"2022-03-08T10:20:40","modified_gmt":"2022-03-08T16:20:40","slug":"a-tribute-to-rev-elvio-canavesio-1931-2022","status":"publish","type":"post","link":"https:\/\/iphc.org\/missions\/a-tribute-to-rev-elvio-canavesio-1931-2022\/","title":{"rendered":"A Tribute to Rev. Elvio Canavesio (1931-2022)"},"content":{"rendered":"<div id=\"pl-4685\"  class=\"panel-layout\" ><div id=\"pg-4685-0\"  class=\"panel-grid panel-has-style ingpb-standard-row\" ><div data-full-row=\"yes\" class=\"panel-row-style panel-row-style-for-4685-0\" ><div id=\"pgc-4685-0-0\"  class=\"panel-grid-cell\" ><div id=\"panel-4685-0-0-0\" class=\"so-panel widget widget_sow-editor panel-first-child panel-last-child\" data-index=\"0\" ><div class=\"panel-widget-style panel-widget-style-for-4685-0-0-0\" ><div\n\t\t\t\n\t\t\tclass=\"so-widget-sow-editor so-widget-sow-editor-base\"\n\t\t\t\n\t\t>\n<div class=\"siteorigin-widget-tinymce textwidget\">\n\t<p style=\"text-align: center;\"><a href=\"https:\/\/iphc.org\/missions\/wp-content\/uploads\/sites\/2\/2022\/03\/7904297_fbs.jpg\"><img loading=\"lazy\" decoding=\"async\" class=\"wp-image-4686 aligncenter\" src=\"https:\/\/iphc.org\/missions\/wp-content\/uploads\/sites\/2\/2022\/03\/7904297_fbs.jpg\" alt=\"\" width=\"241\" height=\"234\" \/><\/a><\/p>\n<h2 style=\"text-align: center;\"><strong>Rev. Elvio Canavesio<\/strong><\/h2>\n<h2 style=\"text-align: center;\"><strong>March 3, 1931 \u2013 March 3, 2022<\/strong><\/h2>\n<p>Elvio Canavesio went to be with his Lord and Savior on March 3, 2022; his 91st birthday.<\/p>\n<p>He was born on March 3, 1931, in Leones, Argentina, to Domingo and Dominga Canavesio. When he was five years old, his mother set him on the bed and said to God, \"I don't have much, but I give you Elvio.\u201d This humble gift and consecration would result in countless lives coming to Christ throughout a ministry which spanned more than 65 years.<\/p>\n<p>At the age of 15, Elvio gave his heart to the Lord and, a couple of years later, he attended Bible School in Buenos Aires. There, he fell in love with the missionaries\u2019 daughter, Emma Andresen. Since her father would not let them marry before he had an education, Elvio decided to attend Holmes Bible College, and off he went with no money in his pocket and not speaking a word of English. In 1957, upon his graduation from Holmes, Elvio returned to Argentina and married Emma. Together, they pastored churches and traveled with a revival tent, going from city to city evangelizing.<\/p>\n<p>In Argentina, Elvio and Emma raised their two children, Esther and David. Eventually, they became United States citizens and were ordained as full-time missionaries with the Pentecostal Holiness Church. In 1974, Elvio became the supervisor for all the Latin American and Caribbean work. It was then that the family moved to Oklahoma City and, from there, he continued traveling to all the nations in his care.<\/p>\n<p>In 1978, Elvio, Emma, and David moved to Costa Rica and, just nine years later, Emma passed away from cancer. Then, when all seemed lost, God proved himself faithful, as Elvio fell in love with, and married, long-time missionary June Carter. Together, they continued working throughout Latin America until their retirement in 2001. Retirement, however, was not the end as they settled in South Carolina and began a timely and successful ministry with the growing Hispanic community there, which included teaching in the Instituto Nacional de Entrenamiento (INE).<\/p>\n<p>He is preceded in death by his wife Emma Canavesio, his parents Domingo and Dominga Canavesio, and his brother Celestino Canavesio. Elvio is survived by his wife of 33 years, June Canavesio, daughter Esther Nix and husband Danny Nix, son David Canavesio and wife Jennee Canavesio; four grandchildren, Bryan Nix, Seth and wife Madeline Nix, Emily and husband Kitt Herron, and Andrew Canavesio; one great granddaughter, Galia Nix; one sister, Raquel and husband Beto Busto, and many nieces and nephews.<\/p>\n<p>Elvio\u2019s life was marked by a fervent passion to reach the lost. When he arrived in heaven, on his 91st birthday, there must have been a multitude of souls there, celebrating his arrival and thanking him for sharing the message of Christ\u2019s salvation with them.<\/p>\n<p>To send a flower arrangement or to plant trees in memory of\u00a0<strong>Elvio Canavesio<\/strong>, please\u00a0<a href=\"https:\/\/www.sympathyfloralstore.com\/en-us\/funeral-flowers\/gallery\/?affiliateid=2837&amp;pm=199&amp;p=&amp;utm_source=batesville&amp;st=1&amp;utm_medium=referral&amp;utm_campaign=free&amp;utm_content=7197&amp;click_id=154202455&amp;eod=85DYJ6z7ZdNlwMQsopCBXAFI5dWOqKGOqq68aKcqn27w12rTQJvFBBD8GdHV%2FiQGib4SSDZXG61%2BeOTbrBgeOnwFSEz49h42JZvMkgEJJl1Uai%2F6PhC4ZyUxL%2FGQRK4dh2gILZPBdlTz61fXzUFrwSdw31AID3VPPVJcUhs5f0BPJq9IZ7uuyI2F3lL9TJFYvXHEKgIvUb4qRrjxHkuJIAnV%2FxOLxvgEs%2FFCH%2B3C7%2FuIKgV48IQSEUiNdgTMpHrb08splxH8pko7D0Gjqtm6N%2BFY1ryNwPLL%2F6OGA026404FGdvlH9ASq%2BjQqUSFZqgvLrWj4kFmLY7wleVZkgwkOiK5T19jC1ft16IxX2XUyJ0LflQ2IFdo3OHX7%2BGZppDg32ZaAqdOHVOMNyENF3jr4uU2%2BTm37KjVWu2XE6FNiOvGT92TGovnMTWZ0lsCd5gklhemLsdmXeJmBMNG7Wgk1nTx5aGO4VVZPyaokPPFo7wwgqfok0F8SMjsXb0Bo%2FM1daWqtBRjd8pO2P3lB1kmks95RUjzHEoHVT08C4eehyOvV0mUK%2Bvn%2BtSq6SCT4qLfPsIVqKV45VeI6eZq3g91Exs2NxKchio4u74JnUS3hIp%2FLIKu7U0WpnsuAjV2b%2B2tzSO2EU%2BzFMkxnrFilZQLsvj9krxYmQ9xMrrlS6KmT3L%2FWbTc82dVnppACJCZsADZWIBwUbGfzZtR8bFl6f0fTu%2FHOwSzlbZgIDHbNjzkE8Yv%2B1gOiyQIIcpPjuE5PivBc%2BYzEWk6q5nc3aghQ2fkgJwIoM2tWI2ToM0fPH3gonVX9Sg9raBGtiac3Rwgl4Lnq08sMrNI2hhekMVvI5ycZ4bAA%2Fm0daqfP3ofule6wKSE2ON5NLp1dPcnKZMdS1ElQXSHoEvsFcsjhwFP9GRXar0Fhamum5Q6I%2BIqdC0P7I2%2BJoiLZafl5%2B6gazTX99NhrPba7%2FgT2C6FuwYgZ1TmtU7J87EFS2rIg9pkR7puBl3SWggVkh5vHvUKS3IWOdqW5L2%2Fsptpgcvnkpj4ZBEIK%2FAFlJGLzjsx9zMvO1Gb52Hwa%2Bchk%2BBRmjtKIhmSAYWbNJvCipY45yHoiByUPBAJfSK%2F6RqC%2F4rWB%2FCBQrbt%2BIZsENhsImkoox8JZHAnbyfaD5qjRpMvmuAUfFWEWeeARZBYLJM5%2BdyPtKtskBd%2FfxxtYzBucBLgmQeMPymGY3ypZS7oUF%2Bm2XMszHx0deFxKH%2B9aWMBUxfDVAuHIE6YbuvgD81dNQdVDBwydLCPY21chMejz7bHBqzic6Iv9Jyja0bAzuE0tNpoFnjKd7V7NUhTBdpqiF4XmeppbZkMPBLfTBRI%2BQ3Qojah5kN91Uvm1KD8VcGZ2NHTJnnHkHK2lo40ySDOZSun1o3JuxKcMkx1QwBnA8cSLy1ZMXXAuN01r7XHggkZFH9sQULl1WZRSdKBJMv7dIq%2Fpe8Xn2wclrwP2JVciUXn2mP2wqJltnxHCXeyzgcSt4nGPpfHDzNoNTEPuge%2BkQ1tIbjfA7LwK4de37rdxbEhdWGWNWTlmEgDxM%2FDtxpjHStNi6w10rZvDBiKYWyaXJ7N%2FUdQ7VjfhgDdldsHp3hiYK%2BxVZOcV6UFN1mQ9ZOPnkiDUus9FRoGkqLDAFhvhJYgiMGu7VZR7T%2Bx\"  rel=\"noopener\"><span style=\"text-decoration: underline;\"><strong>click here<\/strong><\/span><\/a>.<\/p>\n<p>There will be a funeral service for Rev. Canavesio on Friday, March 11. Please <a href=\"https:\/\/www.buchananfuneralservice.com\/obituary\/elvio-canavesio?lud=23F5ED0F9E802EAB7CC0920C4688558D&amp;fbclid=IwAR0L1QfCO1Pa8YvORkIySYDdk76DRg3Pbj41vtobAu2B3yLccrJvSWbUAAQ\"  rel=\"noopener\"><span style=\"text-decoration: underline;\"><strong>click here<\/strong><\/span><\/a> for more information about location and time.<\/p>\n<p>-------------------------------------------<\/p>\n<p><span style=\"color: #000080;\"><em>On behalf of the International Pentecostal Holiness Church World Missions family, we honor and remember, with gratitude, the life and ministry legacy of\u00a0 <strong>REV. ELVIO CANAVESIO, <\/strong>and we give thanks to God for his service as a revered missionary and minister of the gospel of Jesus Christ.<\/em><\/span><\/p>\n<p><span style=\"color: #000080;\"><em>To Ms. June, Esther, Danny, David, Jennee, Bryan, Seth, Madeline (and Galia), Emily, Kitt, Andrew, and Raquel please accept our deepest condolences. Know that the thoughts and prayers of your IPHC family, and especially your missionary family, are with you in your time of sorrow and grief. We are praying that God will give you His strength in this, your time of great need.\u00a0 <\/em><\/span><\/p>\n<p><span style=\"color: #000080;\"><em>IPHC World Missions Ministries has been blessed to have had many extra-ordinary missionaries serving over the course of its 100+ year history. <\/em><em>Elvio Canavesio without a doubt was one of the most proficient and charismatic\/magnetic missionaries in the rich history of IPHC World Missions Ministries. A <\/em><em>man of deep faith, prayer, vision, courage, and perseverance. Time is proving that he is irreplaceable.\u00a0 <\/em><\/span><\/p>\n<p><span style=\"color: #000080;\"><em>William James said, \u201cThe great use of life is to spend it on something that will outlast us.\u201d <\/em><\/span><\/p>\n<p><span style=\"color: #000080;\"><em>When the World Missions Board appointed Elvio as General Supervisor of Latin America and the Caribbean in 1972, the Pentecostal Holiness Church was established in four Latin American Countries: Argentina, Cuba, Costa Rica, and Mexico. <\/em><\/span><\/p>\n<p><span style=\"color: #000080;\"><em>By the time of his retirement in 1999, and after having served as General Supervisor for 27 years, the IPHC had established a ministry presence in 17 new countries. The LAMCAR Continent went from having 71 churches and 1,150 members in 1972, to a membership of 717 churches and 63,000 members in 1999.\u00a0 \u00a0\u00a0<\/em><\/span><\/p>\n<p><span style=\"color: #000080;\"><em>In 2nd Samuel, Chapter 3, King David said; \u201cA great man and a Prince has fallen in Israel this day.\u201d I paraphrase this statement by saying\u2026.\u201cA great \u2018missionary\u2019 and a Prince has fallen in the Church of Jesus Christ this day.\u201d\u00a0\u00a0\u00a0\u00a0\u00a0\u00a0\u00a0\u00a0\u00a0 \u00a0 <\/em><\/span><\/p>\n<p><span style=\"color: #000080;\"><em>Elvio Canavesio has now entered the Church Triumphant. But, his legacy is embodied in people like me, and the many who he influenced.<\/em><\/span><\/p>\n<p><span style=\"color: #000080;\"><em>Well done Elvio!\u00a0 <\/em><\/span><\/p>\n<p><span style=\"color: #000080;\"><em>Bishop J. Talmadge Gardner<\/em><\/span><\/p>\n<p><span style=\"color: #000080;\"><em>Executive Director<\/em><\/span><\/p>\n<p><span style=\"color: #000080;\"><em>World Missions Ministries<\/em><\/span><\/p>\n<p>&nbsp;<\/p>\n<p>&nbsp;<\/p>\n<p>&nbsp;<\/p>\n<\/div>\n<\/div><\/div><\/div><\/div><\/div><\/div><\/div>","protected":false},"excerpt":{"rendered":"<p>Rev. Elvio Canavesio March 3, 1931 \u2013 March 3, 2022 Elvio Canavesio went to be with his Lord and Savior on March 3, 2022; his 91st birthday. He was born&#8230;<\/p>\n","protected":false},"author":21,"featured_media":980,"comment_status":"open","ping_status":"open","sticky":false,"template":"","format":"standard","meta":{"_genesis_hide_title":false,"_genesis_hide_breadcrumbs":false,"_genesis_hide_singular_image":false,"_genesis_hide_footer_widgets":false,"_genesis_custom_body_class":"","_genesis_custom_post_class":"","_genesis_layout":"","_jetpack_memberships_contains_paid_content":false,"footnotes":""},"categories":[1,4],"tags":[456,467,468,375,154],"class_list":{"0":"post-4685","1":"post","2":"type-post","3":"status-publish","4":"format-standard","5":"has-post-thumbnail","7":"category-uncategorized","8":"category-world-missions","9":"tag-456","10":"tag-canavesio","11":"tag-elvio-canavesio","12":"tag-missionary","13":"tag-tribute","14":"entry"},"title_es":"Un tributo a Dora Dane McNeill Sandhu","content_es":"<div id=\"pl-3815\" class=\"panel-layout\"><div id=\"pg-3815-0\" class=\"panel-grid panel-no-style ingpb-standard-row\"><div id=\"pgc-3815-0-0\" class=\"panel-grid-cell\" data-weight=\"1\"><div id=\"panel-3815-0-0-0\" class=\"so-panel widget widget_sow-editor panel-first-child panel-last-child\" data-index=\"0\" data-style=\"{&quot;padding&quot;:&quot;.125in .125in .125in .125in&quot;,&quot;background_image_attachment&quot;:false,&quot;background_display&quot;:&quot;tile&quot;,&quot;margin&quot;:&quot;.125in .125in .125in .125in&quot;}\"><div class=\"panel-widget-style panel-widget-style-for-3815-0-0-0\"><div class=\"so-widget-sow-editor so-widget-sow-editor-base\"><div class=\"siteorigin-widget-tinymce textwidget\"><h1 style=\"text-align: center\"> Dora Dane McNeill Sandhu <\/h1><h2 style=\"text-align: center\"> <strong>12 de agosto de 2020<\/strong> <\/h2><p> Dora Dane McNeill Sandhu, 96, de West Columbia, SC, falleci\u00f3 pac\u00edficamente en su casa la noche del 12 de agosto de 2020. Se llevar\u00e1 a cabo un servicio familiar privado en la Iglesia de Santidad Pentecostal Ebenezer, el s\u00e1bado 15 de agosto de 2020, 11:00 A.M. El servicio se puede ver en Facebook y YouTube conect\u00e1ndose a la Iglesia de Santidad Pentecostal Ebenezer a trav\u00e9s de cualquiera de las fuentes. El logo de la iglesia incluye el nombre, con una cruz y puntos rojos alrededor. <\/p><p> La Sra. Sandhu naci\u00f3 en McCormick, SC, y era la hija del fallecido Freddie Oscar y Winnie Dane Dew McNeill. Dora muri\u00f3 antes que su hermana, Winifred M. Caines, y sus tres hermanos: el reverendo James R. McNeill (Gerri), O. Ray McNeill (Mildred) y P. Wesley McNeill (Ginger). Le sobreviven su esposo, Jarnail Singh Sandhu, y dos hijos: Bobby Singh (Madhu) y Anand Singh (Holly), su nieto Paul Singh Sandhu, su hermana, Beth Stalbaum, y numerosas sobrinas y sobrinos. <\/p><p> Desde muy joven, el deseo del coraz\u00f3n de Dora era ser maestra y misionera. Y su Se\u00f1or y Salvador hizo realidad ambos sue\u00f1os a trav\u00e9s de caminos inusuales. Su educaci\u00f3n comenz\u00f3 en Emmanuel College en Franklin Springs, Georgia, seguida de la escuela de enfermer\u00eda en Washington, DC. Continu\u00f3 su educaci\u00f3n mientras trabajaba como enfermera de salud p\u00fablica, y finalmente recibi\u00f3 su maestr\u00eda en enfermer\u00eda. Unos a\u00f1os m\u00e1s tarde, la Universidad de Lander comenz\u00f3 a buscar a alguien que dirigiera su programa de enfermer\u00eda. Solicit\u00f3 y ayud\u00f3 a comenzar el programa de enfermer\u00eda en Lander, cumpliendo as\u00ed su deseo de ense\u00f1ar. Despu\u00e9s de dejar Lander, se convirti\u00f3 en directora ejecutiva de la Asociaci\u00f3n de Enfermeras de Carolina del Sur, donde ten\u00eda la intenci\u00f3n de permanecer, posiblemente hasta su jubilaci\u00f3n. Sin embargo, todav\u00eda hab\u00eda otro sue\u00f1o en su coraz\u00f3n. <\/p><p> En 1971, Dora llev\u00f3 a un grupo de j\u00f3venes de Ebenezer a un viaje misionero a M\u00e9xico. Despu\u00e9s de ese viaje, le escribi\u00f3 al director de la misi\u00f3n denominacional que sent\u00eda que era el momento. Despu\u00e9s de ser aceptada como misionera, pas\u00f3 varios a\u00f1os en Hong Kong sirviendo como enfermera misionera y como directora de la escuela secundaria Wing Kwong College. Este fue el cumplimiento de su sue\u00f1o misionero y tambi\u00e9n ten\u00eda un bono para ella. Conoci\u00f3 a su esposo, Jarnail, en un servicio religioso internacional mientras estaba en Hong Kong. Despu\u00e9s de mudarse a los Estados Unidos, ayud\u00f3 con su negocio de importaci\u00f3n y continu\u00f3 el ministerio en su iglesia local. <\/p><p> Se pueden hacer memoriales en el Departamento de Misiones de la Iglesia de Santidad Pentecostal Ebenezer, 501 Church Street, West Columbia, SC 29172. <\/p><p> <span style=\"color: #000080\"><em>En nombre de la Iglesia Internacional de Santidad Pentecostal y, en particular, de su familia misionera, les extiendo nuestro m\u00e1s sentido p\u00e9same, la familia y los amigos de la Sra. Dora McNeill Sandhu.<\/em><\/span> <\/p><p> <span style=\"color: #000080\"><em>\u00a0<\/em><\/span> <span style=\"color: #000080\"><em>La Sra. Sandhu era miembro del clero &quot;con licencia&quot; de la Conferencia del Atl\u00e1ntico Medio cuando se reuni\u00f3 por primera vez con la Junta de Misiones Mundiales para expresar su deseo de ir a Hong Kong, China, para servir como m\u00e9dica misionera. La Junta de Misiones Mundiales aprob\u00f3 por unanimidad su nombramiento como misionera de carrera y solicit\u00f3 &quot;que se vaya tan pronto como se puedan hacer los arreglos&quot;. Siendo una dama excepcionalmente dotada, su mandato incluy\u00f3 su servicio como misionera m\u00e9dica, directora de la escuela secundaria Wing Kwong, miembro auxiliar de mujeres, pastora de una iglesia, pastora asistente, dirigi\u00f3 y sirvi\u00f3 en el ministerio de ni\u00f1os y como administradora. de una cl\u00ednica y una escuela secundaria, todo mientras se desempe\u00f1aba como misionero de carrera en Hong Kong, China, de 1972 a 1979<\/em> . <em>Aunque su ausencia en el cuerpo se siente profundamente, su ejemplo ha dejado un impacto eterno en el reino y en aquellos que encontr\u00f3 aqu\u00ed en esta tierra.<\/em><\/span> <\/p><p> <em><span style=\"color: #000080\">&#039;La gracia est\u00e9 con todos ustedes.&#039;&quot;<\/span><\/em> <\/p><p> <span style=\"color: #000080\">Obispo J. Talmadge Gardner<\/span> <\/p><p> <span style=\"color: #000080\">Director Ejecutivo, Ministerios de Misiones Mundiales de IPHC<\/span> <\/p><\/div><\/div><\/div><\/div><\/div><\/div><\/div>","author_name":"","jetpack_featured_media_url":"https:\/\/iphc.org\/missions\/wp-content\/uploads\/sites\/2\/2016\/03\/In-Loving-Memory.jpg","jetpack_shortlink":"https:\/\/wp.me\/pb62Ar-1dz","jetpack_sharing_enabled":true,"_links":{"self":[{"href":"https:\/\/iphc.org\/missions\/wp-json\/wp\/v2\/posts\/4685","targetHints":{"allow":["GET"]}}],"collection":[{"href":"https:\/\/iphc.org\/missions\/wp-json\/wp\/v2\/posts"}],"about":[{"href":"https:\/\/iphc.org\/missions\/wp-json\/wp\/v2\/types\/post"}],"author":[{"embeddable":true,"href":"https:\/\/iphc.org\/missions\/wp-json\/wp\/v2\/users\/21"}],"replies":[{"embeddable":true,"href":"https:\/\/iphc.org\/missions\/wp-json\/wp\/v2\/comments?post=4685"}],"version-history":[{"count":0,"href":"https:\/\/iphc.org\/missions\/wp-json\/wp\/v2\/posts\/4685\/revisions"}],"wp:featuredmedia":[{"embeddable":true,"href":"https:\/\/iphc.org\/missions\/wp-json\/wp\/v2\/media\/980"}],"wp:attachment":[{"href":"https:\/\/iphc.org\/missions\/wp-json\/wp\/v2\/media?parent=4685"}],"wp:term":[{"taxonomy":"category","embeddable":true,"href":"https:\/\/iphc.org\/missions\/wp-json\/wp\/v2\/categories?post=4685"},{"taxonomy":"post_tag","embeddable":true,"href":"https:\/\/iphc.org\/missions\/wp-json\/wp\/v2\/tags?post=4685"}],"curies":[{"name":"wp","href":"https:\/\/api.w.org\/{rel}","templated":true}]}}