{"id":5951,"date":"2016-04-19T19:26:53","date_gmt":"2016-04-19T19:26:53","guid":{"rendered":"https:\/\/iphc.org\/ptp\/?p=5951"},"modified":"2016-04-19T19:26:53","modified_gmt":"2016-04-19T19:26:53","slug":"urgent-help-needed-ecuador","status":"publish","type":"post","link":"https:\/\/iphc.org\/ptp\/2016\/04\/19\/urgent-help-needed-ecuador\/","title":{"rendered":"Urgent Help Needed- Ecuador"},"content":{"rendered":"<div class=\"getty embed image\" style=\"background-color: #fff;font-family: 'Helvetica Neue',Helvetica,Arial,sans-serif;color: #a7a7a7;font-size: 11px;width: 100%;max-width: 594px\">\n<div style=\"padding: 0;margin: 0;text-align: left\"><a style=\"color: #a7a7a7;text-decoration: none;font-weight: normal !important;border: none\" href=\"http:\/\/www.gettyimages.com\/detail\/522433766\" >Embed from Getty Images<\/a><\/div>\n<div style=\"overflow: hidden;height: 0;padding: 66.498316% 0 0 0;width: 100%\"><\/div>\n<p style=\"margin: 0\">\n<\/div>\n<p>Saturday afternoon, April 16, 2016, a 7.8 magnitude earthquake struck Ecuador.\u00a0 The largest devastation in Ecuador since 1949.\u00a0 Hundreds of large buildings collapsed and thousands of people are reported missing.\u00a0 The current death toll is over 250 and is expected to increase as rescue and relief efforts are underway.\u00a0 Our IPHC churches, leaders and family are safe.\u00a0 They are requesting funds to assist with the relief efforts.\u00a0 Will you partner with our fellow brothers and sisters to reach out to Ecuador with the love and compassion of Christ?<\/p>\n","protected":false},"excerpt":{"rendered":"<p>Embed from Getty Images Saturday afternoon, April 16, 2016, a 7.8 magnitude earthquake struck Ecuador.\u00a0 The largest devastation in Ecuador since 1949.\u00a0 Hundreds of large buildings collapsed and thousands of&#8230;<\/p>\n","protected":false},"author":16,"featured_media":0,"comment_status":"open","ping_status":"open","sticky":false,"template":"","format":"standard","meta":{"_genesis_hide_title":false,"_genesis_hide_breadcrumbs":false,"_genesis_hide_singular_image":false,"_genesis_hide_footer_widgets":false,"_genesis_custom_body_class":"","_genesis_custom_post_class":"","_genesis_layout":"","_jetpack_memberships_contains_paid_content":false,"footnotes":""},"categories":[6],"tags":[62,83,65],"class_list":{"0":"post-5951","1":"post","2":"type-post","3":"status-publish","4":"format-standard","6":"category-disaster-relief","7":"tag-disaster-relief","8":"tag-ecuador-earthquake","9":"tag-people-to-people","10":"entry"},"title_es":"Ayuda urgente solicitado- Ecuador","content_es":"S\u00e1bado por la tarde 16 de abril de 2016, un terremoto de 7,8 grados de magnitud sacudi\u00f3 el Ecuador. La mayor devastaci\u00f3n en Ecuador desde 1949. Cientos de grandes edificios se derrumb\u00f3 y miles de personas son dados por desaparecidos. El n\u00famero actual de muertes es superior a 250 y se espera que aumente a medida que los esfuerzos de rescate y socorro est\u00e1n en marcha. Nuestras iglesias IISP, l\u00edderes y familia est\u00e1n a salvo. Ellos est\u00e1n solicitando fondos para ayudar con los esfuerzos de ayuda. Va a colaborar con nuestros hermanos y hermanas de llegar a Ecuador con el amor y la compasi\u00f3n de Cristo?","author_name":"","jetpack_featured_media_url":"","jetpack_sharing_enabled":true,"_links":{"self":[{"href":"https:\/\/iphc.org\/ptp\/wp-json\/wp\/v2\/posts\/5951","targetHints":{"allow":["GET"]}}],"collection":[{"href":"https:\/\/iphc.org\/ptp\/wp-json\/wp\/v2\/posts"}],"about":[{"href":"https:\/\/iphc.org\/ptp\/wp-json\/wp\/v2\/types\/post"}],"author":[{"embeddable":true,"href":"https:\/\/iphc.org\/ptp\/wp-json\/wp\/v2\/users\/16"}],"replies":[{"embeddable":true,"href":"https:\/\/iphc.org\/ptp\/wp-json\/wp\/v2\/comments?post=5951"}],"version-history":[{"count":0,"href":"https:\/\/iphc.org\/ptp\/wp-json\/wp\/v2\/posts\/5951\/revisions"}],"wp:attachment":[{"href":"https:\/\/iphc.org\/ptp\/wp-json\/wp\/v2\/media?parent=5951"}],"wp:term":[{"taxonomy":"category","embeddable":true,"href":"https:\/\/iphc.org\/ptp\/wp-json\/wp\/v2\/categories?post=5951"},{"taxonomy":"post_tag","embeddable":true,"href":"https:\/\/iphc.org\/ptp\/wp-json\/wp\/v2\/tags?post=5951"}],"curies":[{"name":"wp","href":"https:\/\/api.w.org\/{rel}","templated":true}]}}