{"id":6063,"date":"2019-04-22T12:02:02","date_gmt":"2019-04-22T17:02:02","guid":{"rendered":"https:\/\/iphc.org\/ptp\/?p=6063"},"modified":"2019-04-22T12:02:25","modified_gmt":"2019-04-22T17:02:25","slug":"church-collapse-in-south-africa","status":"publish","type":"post","link":"https:\/\/iphc.org\/ptp\/2019\/04\/22\/church-collapse-in-south-africa\/","title":{"rendered":"Church Collapse in South Africa"},"content":{"rendered":"<div id=\"pl-6063\"  class=\"panel-layout\" ><div id=\"pg-6063-0\"  class=\"panel-grid panel-has-style ingpb-standard-row\" ><div data-full-row=\"yes\" class=\"panel-row-style panel-row-style-for-6063-0\" ><div id=\"pgc-6063-0-0\"  class=\"panel-grid-cell\" ><div id=\"panel-6063-0-0-0\" class=\"so-panel widget widget_sow-editor panel-first-child\" data-index=\"0\" ><div\n\t\t\t\n\t\t\tclass=\"so-widget-sow-editor so-widget-sow-editor-base\"\n\t\t\t\n\t\t>\n<div class=\"siteorigin-widget-tinymce textwidget\">\n\t<p>We have received somber news from our IPHC brothers and sisters in South Africa:<\/p>\n<p>While hosting a Good Friday Conference our church family in KwaZulu-Natal, was hit by a horrific storm. Regretfully, a wall in the auditorium collapsed upon impact resulting in 13 deaths and 29 hospitalizations. As People to People Ministries, our heart is grieved for our family and we are here to assist the families of the victims.<\/p>\n<p>*Director\u2019s Note: I am overwhelmed with grief for my friends in South Africa. I attended their Bi-Annual Conference in December 2018 and was honored to speak to our churches. The IPHC in South Africa has been a force for good throughout the country. Please join us in prayer and financial support as we ask God to comfort the families of those affected.<\/p>\n<\/div>\n<\/div><\/div><div id=\"panel-6063-0-0-1\" class=\"so-panel widget panel-last-child\" data-index=\"1\" ><\/div><\/div><\/div><\/div><\/div>","protected":false},"excerpt":{"rendered":"<p>We have received somber news from our IPHC brothers and sisters in South Africa: While hosting a Good Friday Conference our church family in KwaZulu-Natal, was hit by a horrific&#8230;<\/p>\n","protected":false},"author":16,"featured_media":6064,"comment_status":"open","ping_status":"open","sticky":false,"template":"","format":"standard","meta":{"_genesis_hide_title":false,"_genesis_hide_breadcrumbs":false,"_genesis_hide_singular_image":false,"_genesis_hide_footer_widgets":false,"_genesis_custom_body_class":"","_genesis_custom_post_class":"","_genesis_layout":"","_jetpack_memberships_contains_paid_content":false,"footnotes":""},"categories":[6,1],"tags":[96,95],"class_list":{"0":"post-6063","1":"post","2":"type-post","3":"status-publish","4":"format-standard","5":"has-post-thumbnail","7":"category-disaster-relief","8":"category-uncategorized","9":"tag-ptp-ministries","10":"tag-south-africa-kwazulu-natal-good-friday-church-collapse","11":"entry"},"title_es":"Colapso de una iglesia en Sud\u00e1frica","content_es":"<div id=\"pl-6063\" class=\"panel-layout\"><div id=\"pg-6063-0\" class=\"panel-grid panel-no-style ingpb-standard-row\"><div id=\"pgc-6063-0-0\" class=\"panel-grid-cell\" data-weight=\"1\"><div id=\"panel-6063-0-0-0\" class=\"so-panel widget widget_sow-editor panel-first-child\" data-index=\"0\" data-style=\"{&quot;background_image_attachment&quot;:false,&quot;background_display&quot;:&quot;tile&quot;}\"><div class=\"so-widget-sow-editor so-widget-sow-editor-base\"><div class=\"siteorigin-widget-tinymce textwidget\"><p> Hemos recibido noticias sombr\u00edas de nuestros hermanos y hermanas de IPHC en Sud\u00e1frica: <\/p><p> Mientras organizaba una Conferencia de Viernes Santo, nuestra familia de la iglesia en KwaZulu-Natal, fue golpeada por una terrible tormenta. Lamentablemente, una pared en el auditorio se derrumb\u00f3 en el momento del impacto que result\u00f3 en 13 muertes y 29 hospitalizaciones. Como Ministerios People to People, nuestro coraz\u00f3n est\u00e1 afligido por nuestra familia y estamos aqu\u00ed para ayudar a las familias de las v\u00edctimas. <\/p><p> * Nota del director: Estoy abrumado por la pena por mis amigos en Sud\u00e1frica. Asist\u00ed a su Conferencia bianual en diciembre de 2018 y tuve el honor de hablar con nuestras iglesias. La IPHC en Sud\u00e1frica ha sido una fuerza para el bien en todo el pa\u00eds. \u00danase a nosotros en oraci\u00f3n y apoyo financiero mientras le pedimos a Dios que conforte a las familias de los afectados. <\/p><\/div><\/div><\/div><div id=\"panel-6063-0-0-1\" class=\"so-panel widget widget_give-card-widget panel-last-child\" data-index=\"1\" data-style=\"{&quot;background_image_attachment&quot;:false,&quot;background_display&quot;:&quot;tile&quot;}\"><\/div><\/div><\/div><\/div>","author_name":"Bryan Nix","jetpack_featured_media_url":"https:\/\/iphc.org\/ptp\/wp-content\/uploads\/sites\/7\/2019\/04\/Kwazulu-Natal-GF.jpg","jetpack_sharing_enabled":true,"_links":{"self":[{"href":"https:\/\/iphc.org\/ptp\/wp-json\/wp\/v2\/posts\/6063","targetHints":{"allow":["GET"]}}],"collection":[{"href":"https:\/\/iphc.org\/ptp\/wp-json\/wp\/v2\/posts"}],"about":[{"href":"https:\/\/iphc.org\/ptp\/wp-json\/wp\/v2\/types\/post"}],"author":[{"embeddable":true,"href":"https:\/\/iphc.org\/ptp\/wp-json\/wp\/v2\/users\/16"}],"replies":[{"embeddable":true,"href":"https:\/\/iphc.org\/ptp\/wp-json\/wp\/v2\/comments?post=6063"}],"version-history":[{"count":0,"href":"https:\/\/iphc.org\/ptp\/wp-json\/wp\/v2\/posts\/6063\/revisions"}],"wp:featuredmedia":[{"embeddable":true,"href":"https:\/\/iphc.org\/ptp\/wp-json\/wp\/v2\/media\/6064"}],"wp:attachment":[{"href":"https:\/\/iphc.org\/ptp\/wp-json\/wp\/v2\/media?parent=6063"}],"wp:term":[{"taxonomy":"category","embeddable":true,"href":"https:\/\/iphc.org\/ptp\/wp-json\/wp\/v2\/categories?post=6063"},{"taxonomy":"post_tag","embeddable":true,"href":"https:\/\/iphc.org\/ptp\/wp-json\/wp\/v2\/tags?post=6063"}],"curies":[{"name":"wp","href":"https:\/\/api.w.org\/{rel}","templated":true}]}}